{"id":1961,"date":"2022-10-11T14:11:06","date_gmt":"2022-10-11T14:11:06","guid":{"rendered":"https:\/\/garciacamara.com\/?p=1961"},"modified":"2023-01-31T12:40:11","modified_gmt":"2023-01-31T12:40:11","slug":"chilventa-2022","status":"publish","type":"post","link":"https:\/\/garciacamara.com\/de\/chilventa-2022\/","title":{"rendered":"Garc\u00eda C\u00e1mara auf der Chillventa 2022"},"content":{"rendered":"\r\n<p>Wir haben erneut als Aussteller auf der Chillventa, einer der weltweit wichtigsten Messen im Bereich K\u00e4ltetechnikindustrie, Klimager\u00e4te, Bel\u00fcftung und W\u00e4rmepumpen ausgestellt. Diese fand am 11., 12. und 13. Oktober in N\u00fcrnberg, Deutschland, statt. Wir haben dort unsere Produkte, W\u00e4rmetauscher aus Rohr und Lamelle f\u00fcr die K\u00e4lteindustrie, vorgestellt. Vielen Dank f\u00fcr Euren Besuch und wir hoffen, Euch bald wieder zu sehen.<\/p>\r\n<p>&nbsp;<\/p>\r\n\r\n\r\n\r\n<figure class=\"wp-block-image size-large\"><img fetchpriority=\"high\" decoding=\"async\" width=\"1024\" height=\"768\" class=\"wp-image-1959\" src=\"https:\/\/garciacamara.com\/wp-content\/uploads\/2022\/10\/foto-chillventa-1024x768.jpg\" alt=\"\" srcset=\"https:\/\/garciacamara.com\/wp-content\/uploads\/2022\/10\/foto-chillventa-1024x768.jpg 1024w, https:\/\/garciacamara.com\/wp-content\/uploads\/2022\/10\/foto-chillventa-300x225.jpg 300w, https:\/\/garciacamara.com\/wp-content\/uploads\/2022\/10\/foto-chillventa-768x576.jpg 768w, https:\/\/garciacamara.com\/wp-content\/uploads\/2022\/10\/foto-chillventa-1536x1152.jpg 1536w, https:\/\/garciacamara.com\/wp-content\/uploads\/2022\/10\/foto-chillventa-2048x1536.jpg 2048w\" sizes=\"(max-width: 1024px) 100vw, 1024px\" \/><\/figure>\r\n","protected":false},"excerpt":{"rendered":"<p>Wir haben erneut als Aussteller auf der Chillventa, einer der weltweit wichtigsten Messen im Bereich K\u00e4ltetechnikindustrie, Klimager\u00e4te, Bel\u00fcftung und W\u00e4rmepumpen ausgestellt. Diese fand am 11., 12. und 13. Oktober in N\u00fcrnberg, Deutschland, statt. Wir haben dort unsere Produkte, W\u00e4rmetauscher aus Rohr und Lamelle f\u00fcr die K\u00e4lteindustrie, vorgestellt. Vielen Dank f\u00fcr Euren Besuch und wir hoffen, [&hellip;]<\/p>\n","protected":false},"author":1,"featured_media":1959,"comment_status":"closed","ping_status":"closed","sticky":false,"template":"","format":"standard","meta":{"inline_featured_image":false,"footnotes":""},"categories":[51],"tags":[],"class_list":["post-1961","post","type-post","status-publish","format-standard","has-post-thumbnail","hentry","category-unkategorisiert"],"yoast_head":"<!-- This site is optimized with the Yoast SEO plugin v25.8 - https:\/\/yoast.com\/wordpress\/plugins\/seo\/ -->\n<title>Garc\u00eda C\u00e1mara auf der Chillventa 2022 - Garc\u00eda C\u00e1mara<\/title>\n<meta name=\"robots\" content=\"index, follow, max-snippet:-1, max-image-preview:large, max-video-preview:-1\" \/>\n<link rel=\"canonical\" href=\"https:\/\/garciacamara.com\/de\/chilventa-2022\/\" \/>\n<meta property=\"og:locale\" content=\"de_DE\" \/>\n<meta property=\"og:type\" content=\"article\" \/>\n<meta property=\"og:title\" content=\"Garc\u00eda C\u00e1mara auf der Chillventa 2022 - Garc\u00eda C\u00e1mara\" \/>\n<meta property=\"og:description\" content=\"Wir haben erneut als Aussteller auf der Chillventa, einer der weltweit wichtigsten Messen im Bereich K\u00e4ltetechnikindustrie, Klimager\u00e4te, Bel\u00fcftung und W\u00e4rmepumpen ausgestellt. Diese fand am 11., 12. und 13. Oktober in N\u00fcrnberg, Deutschland, statt. Wir haben dort unsere Produkte, W\u00e4rmetauscher aus Rohr und Lamelle f\u00fcr die K\u00e4lteindustrie, vorgestellt. Vielen Dank f\u00fcr Euren Besuch und wir hoffen, [&hellip;]\" \/>\n<meta property=\"og:url\" content=\"https:\/\/garciacamara.com\/de\/chilventa-2022\/\" \/>\n<meta property=\"og:site_name\" content=\"Garc\u00eda C\u00e1mara\" \/>\n<meta property=\"article:published_time\" content=\"2022-10-11T14:11:06+00:00\" \/>\n<meta property=\"article:modified_time\" content=\"2023-01-31T12:40:11+00:00\" \/>\n<meta property=\"og:image\" content=\"https:\/\/garciacamara.com\/wp-content\/uploads\/2022\/10\/foto-chillventa-scaled.jpg\" \/>\n\t<meta property=\"og:image:width\" content=\"2560\" \/>\n\t<meta property=\"og:image:height\" content=\"1920\" \/>\n\t<meta property=\"og:image:type\" content=\"image\/jpeg\" \/>\n<meta name=\"author\" content=\"admin\" \/>\n<meta name=\"twitter:card\" content=\"summary_large_image\" \/>\n<meta name=\"twitter:label1\" content=\"Verfasst von\" \/>\n\t<meta name=\"twitter:data1\" content=\"admin\" \/>\n\t<meta name=\"twitter:label2\" content=\"Gesch\u00e4tzte Lesezeit\" \/>\n\t<meta name=\"twitter:data2\" content=\"1\u00a0Minute\" \/>\n<script type=\"application\/ld+json\" class=\"yoast-schema-graph\">{\"@context\":\"https:\/\/schema.org\",\"@graph\":[{\"@type\":\"Article\",\"@id\":\"https:\/\/garciacamara.com\/de\/chilventa-2022\/#article\",\"isPartOf\":{\"@id\":\"https:\/\/garciacamara.com\/de\/chilventa-2022\/\"},\"author\":{\"name\":\"admin\",\"@id\":\"https:\/\/garciacamara.com\/#\/schema\/person\/aa613a88a23149c6fc92e223afb4ce52\"},\"headline\":\"Garc\u00eda C\u00e1mara auf der Chillventa 2022\",\"datePublished\":\"2022-10-11T14:11:06+00:00\",\"dateModified\":\"2023-01-31T12:40:11+00:00\",\"mainEntityOfPage\":{\"@id\":\"https:\/\/garciacamara.com\/de\/chilventa-2022\/\"},\"wordCount\":74,\"publisher\":{\"@id\":\"https:\/\/garciacamara.com\/#organization\"},\"image\":{\"@id\":\"https:\/\/garciacamara.com\/de\/chilventa-2022\/#primaryimage\"},\"thumbnailUrl\":\"https:\/\/garciacamara.com\/wp-content\/uploads\/2022\/10\/foto-chillventa-scaled.jpg\",\"articleSection\":[\"Unkategorisiert\"],\"inLanguage\":\"de\"},{\"@type\":\"WebPage\",\"@id\":\"https:\/\/garciacamara.com\/de\/chilventa-2022\/\",\"url\":\"https:\/\/garciacamara.com\/de\/chilventa-2022\/\",\"name\":\"Garc\u00eda C\u00e1mara auf der Chillventa 2022 - Garc\u00eda C\u00e1mara\",\"isPartOf\":{\"@id\":\"https:\/\/garciacamara.com\/#website\"},\"primaryImageOfPage\":{\"@id\":\"https:\/\/garciacamara.com\/de\/chilventa-2022\/#primaryimage\"},\"image\":{\"@id\":\"https:\/\/garciacamara.com\/de\/chilventa-2022\/#primaryimage\"},\"thumbnailUrl\":\"https:\/\/garciacamara.com\/wp-content\/uploads\/2022\/10\/foto-chillventa-scaled.jpg\",\"datePublished\":\"2022-10-11T14:11:06+00:00\",\"dateModified\":\"2023-01-31T12:40:11+00:00\",\"breadcrumb\":{\"@id\":\"https:\/\/garciacamara.com\/de\/chilventa-2022\/#breadcrumb\"},\"inLanguage\":\"de\",\"potentialAction\":[{\"@type\":\"ReadAction\",\"target\":[\"https:\/\/garciacamara.com\/de\/chilventa-2022\/\"]}]},{\"@type\":\"ImageObject\",\"inLanguage\":\"de\",\"@id\":\"https:\/\/garciacamara.com\/de\/chilventa-2022\/#primaryimage\",\"url\":\"https:\/\/garciacamara.com\/wp-content\/uploads\/2022\/10\/foto-chillventa-scaled.jpg\",\"contentUrl\":\"https:\/\/garciacamara.com\/wp-content\/uploads\/2022\/10\/foto-chillventa-scaled.jpg\",\"width\":2560,\"height\":1920},{\"@type\":\"BreadcrumbList\",\"@id\":\"https:\/\/garciacamara.com\/de\/chilventa-2022\/#breadcrumb\",\"itemListElement\":[{\"@type\":\"ListItem\",\"position\":1,\"name\":\"Home\",\"item\":\"https:\/\/garciacamara.com\/\"},{\"@type\":\"ListItem\",\"position\":2,\"name\":\"Garc\u00eda C\u00e1mara auf der Chillventa 2022\"}]},{\"@type\":\"WebSite\",\"@id\":\"https:\/\/garciacamara.com\/#website\",\"url\":\"https:\/\/garciacamara.com\/\",\"name\":\"Garc\u00eda C\u00e1mara\",\"description\":\"Fabricaci\u00f3n de intercambiadores de calor desde 1942.\",\"publisher\":{\"@id\":\"https:\/\/garciacamara.com\/#organization\"},\"potentialAction\":[{\"@type\":\"SearchAction\",\"target\":{\"@type\":\"EntryPoint\",\"urlTemplate\":\"https:\/\/garciacamara.com\/?s={search_term_string}\"},\"query-input\":{\"@type\":\"PropertyValueSpecification\",\"valueRequired\":true,\"valueName\":\"search_term_string\"}}],\"inLanguage\":\"de\"},{\"@type\":\"Organization\",\"@id\":\"https:\/\/garciacamara.com\/#organization\",\"name\":\"Garc\u00eda C\u00e1mara\",\"url\":\"https:\/\/garciacamara.com\/\",\"logo\":{\"@type\":\"ImageObject\",\"inLanguage\":\"de\",\"@id\":\"https:\/\/garciacamara.com\/#\/schema\/logo\/image\/\",\"url\":\"https:\/\/garciacamara.com\/wp-content\/uploads\/2022\/03\/logo-garcia-camara-gc-4.svg\",\"contentUrl\":\"https:\/\/garciacamara.com\/wp-content\/uploads\/2022\/03\/logo-garcia-camara-gc-4.svg\",\"width\":1,\"height\":1,\"caption\":\"Garc\u00eda C\u00e1mara\"},\"image\":{\"@id\":\"https:\/\/garciacamara.com\/#\/schema\/logo\/image\/\"}},{\"@type\":\"Person\",\"@id\":\"https:\/\/garciacamara.com\/#\/schema\/person\/aa613a88a23149c6fc92e223afb4ce52\",\"name\":\"admin\",\"image\":{\"@type\":\"ImageObject\",\"inLanguage\":\"de\",\"@id\":\"https:\/\/garciacamara.com\/#\/schema\/person\/image\/\",\"url\":\"https:\/\/secure.gravatar.com\/avatar\/36a9315860220403161fb8d1a553e0bfcda20cd072a559fce5b00b50ca98b04a?s=96&d=mm&r=g\",\"contentUrl\":\"https:\/\/secure.gravatar.com\/avatar\/36a9315860220403161fb8d1a553e0bfcda20cd072a559fce5b00b50ca98b04a?s=96&d=mm&r=g\",\"caption\":\"admin\"},\"sameAs\":[\"https:\/\/garciacamara.com\"],\"url\":\"https:\/\/garciacamara.com\/de\/author\/lobby_rtfo0fqw\/\"}]}<\/script>\n<!-- \/ Yoast SEO plugin. -->","yoast_head_json":{"title":"Garc\u00eda C\u00e1mara auf der Chillventa 2022 - Garc\u00eda C\u00e1mara","robots":{"index":"index","follow":"follow","max-snippet":"max-snippet:-1","max-image-preview":"max-image-preview:large","max-video-preview":"max-video-preview:-1"},"canonical":"https:\/\/garciacamara.com\/de\/chilventa-2022\/","og_locale":"de_DE","og_type":"article","og_title":"Garc\u00eda C\u00e1mara auf der Chillventa 2022 - Garc\u00eda C\u00e1mara","og_description":"Wir haben erneut als Aussteller auf der Chillventa, einer der weltweit wichtigsten Messen im Bereich K\u00e4ltetechnikindustrie, Klimager\u00e4te, Bel\u00fcftung und W\u00e4rmepumpen ausgestellt. Diese fand am 11., 12. und 13. Oktober in N\u00fcrnberg, Deutschland, statt. Wir haben dort unsere Produkte, W\u00e4rmetauscher aus Rohr und Lamelle f\u00fcr die K\u00e4lteindustrie, vorgestellt. Vielen Dank f\u00fcr Euren Besuch und wir hoffen, [&hellip;]","og_url":"https:\/\/garciacamara.com\/de\/chilventa-2022\/","og_site_name":"Garc\u00eda C\u00e1mara","article_published_time":"2022-10-11T14:11:06+00:00","article_modified_time":"2023-01-31T12:40:11+00:00","og_image":[{"width":2560,"height":1920,"url":"https:\/\/garciacamara.com\/wp-content\/uploads\/2022\/10\/foto-chillventa-scaled.jpg","type":"image\/jpeg"}],"author":"admin","twitter_card":"summary_large_image","twitter_misc":{"Verfasst von":"admin","Gesch\u00e4tzte Lesezeit":"1\u00a0Minute"},"schema":{"@context":"https:\/\/schema.org","@graph":[{"@type":"Article","@id":"https:\/\/garciacamara.com\/de\/chilventa-2022\/#article","isPartOf":{"@id":"https:\/\/garciacamara.com\/de\/chilventa-2022\/"},"author":{"name":"admin","@id":"https:\/\/garciacamara.com\/#\/schema\/person\/aa613a88a23149c6fc92e223afb4ce52"},"headline":"Garc\u00eda C\u00e1mara auf der Chillventa 2022","datePublished":"2022-10-11T14:11:06+00:00","dateModified":"2023-01-31T12:40:11+00:00","mainEntityOfPage":{"@id":"https:\/\/garciacamara.com\/de\/chilventa-2022\/"},"wordCount":74,"publisher":{"@id":"https:\/\/garciacamara.com\/#organization"},"image":{"@id":"https:\/\/garciacamara.com\/de\/chilventa-2022\/#primaryimage"},"thumbnailUrl":"https:\/\/garciacamara.com\/wp-content\/uploads\/2022\/10\/foto-chillventa-scaled.jpg","articleSection":["Unkategorisiert"],"inLanguage":"de"},{"@type":"WebPage","@id":"https:\/\/garciacamara.com\/de\/chilventa-2022\/","url":"https:\/\/garciacamara.com\/de\/chilventa-2022\/","name":"Garc\u00eda C\u00e1mara auf der Chillventa 2022 - Garc\u00eda C\u00e1mara","isPartOf":{"@id":"https:\/\/garciacamara.com\/#website"},"primaryImageOfPage":{"@id":"https:\/\/garciacamara.com\/de\/chilventa-2022\/#primaryimage"},"image":{"@id":"https:\/\/garciacamara.com\/de\/chilventa-2022\/#primaryimage"},"thumbnailUrl":"https:\/\/garciacamara.com\/wp-content\/uploads\/2022\/10\/foto-chillventa-scaled.jpg","datePublished":"2022-10-11T14:11:06+00:00","dateModified":"2023-01-31T12:40:11+00:00","breadcrumb":{"@id":"https:\/\/garciacamara.com\/de\/chilventa-2022\/#breadcrumb"},"inLanguage":"de","potentialAction":[{"@type":"ReadAction","target":["https:\/\/garciacamara.com\/de\/chilventa-2022\/"]}]},{"@type":"ImageObject","inLanguage":"de","@id":"https:\/\/garciacamara.com\/de\/chilventa-2022\/#primaryimage","url":"https:\/\/garciacamara.com\/wp-content\/uploads\/2022\/10\/foto-chillventa-scaled.jpg","contentUrl":"https:\/\/garciacamara.com\/wp-content\/uploads\/2022\/10\/foto-chillventa-scaled.jpg","width":2560,"height":1920},{"@type":"BreadcrumbList","@id":"https:\/\/garciacamara.com\/de\/chilventa-2022\/#breadcrumb","itemListElement":[{"@type":"ListItem","position":1,"name":"Home","item":"https:\/\/garciacamara.com\/"},{"@type":"ListItem","position":2,"name":"Garc\u00eda C\u00e1mara auf der Chillventa 2022"}]},{"@type":"WebSite","@id":"https:\/\/garciacamara.com\/#website","url":"https:\/\/garciacamara.com\/","name":"Garc\u00eda C\u00e1mara","description":"Fabricaci\u00f3n de intercambiadores de calor desde 1942.","publisher":{"@id":"https:\/\/garciacamara.com\/#organization"},"potentialAction":[{"@type":"SearchAction","target":{"@type":"EntryPoint","urlTemplate":"https:\/\/garciacamara.com\/?s={search_term_string}"},"query-input":{"@type":"PropertyValueSpecification","valueRequired":true,"valueName":"search_term_string"}}],"inLanguage":"de"},{"@type":"Organization","@id":"https:\/\/garciacamara.com\/#organization","name":"Garc\u00eda C\u00e1mara","url":"https:\/\/garciacamara.com\/","logo":{"@type":"ImageObject","inLanguage":"de","@id":"https:\/\/garciacamara.com\/#\/schema\/logo\/image\/","url":"https:\/\/garciacamara.com\/wp-content\/uploads\/2022\/03\/logo-garcia-camara-gc-4.svg","contentUrl":"https:\/\/garciacamara.com\/wp-content\/uploads\/2022\/03\/logo-garcia-camara-gc-4.svg","width":1,"height":1,"caption":"Garc\u00eda C\u00e1mara"},"image":{"@id":"https:\/\/garciacamara.com\/#\/schema\/logo\/image\/"}},{"@type":"Person","@id":"https:\/\/garciacamara.com\/#\/schema\/person\/aa613a88a23149c6fc92e223afb4ce52","name":"admin","image":{"@type":"ImageObject","inLanguage":"de","@id":"https:\/\/garciacamara.com\/#\/schema\/person\/image\/","url":"https:\/\/secure.gravatar.com\/avatar\/36a9315860220403161fb8d1a553e0bfcda20cd072a559fce5b00b50ca98b04a?s=96&d=mm&r=g","contentUrl":"https:\/\/secure.gravatar.com\/avatar\/36a9315860220403161fb8d1a553e0bfcda20cd072a559fce5b00b50ca98b04a?s=96&d=mm&r=g","caption":"admin"},"sameAs":["https:\/\/garciacamara.com"],"url":"https:\/\/garciacamara.com\/de\/author\/lobby_rtfo0fqw\/"}]}},"_links":{"self":[{"href":"https:\/\/garciacamara.com\/de\/wp-json\/wp\/v2\/posts\/1961","targetHints":{"allow":["GET"]}}],"collection":[{"href":"https:\/\/garciacamara.com\/de\/wp-json\/wp\/v2\/posts"}],"about":[{"href":"https:\/\/garciacamara.com\/de\/wp-json\/wp\/v2\/types\/post"}],"author":[{"embeddable":true,"href":"https:\/\/garciacamara.com\/de\/wp-json\/wp\/v2\/users\/1"}],"replies":[{"embeddable":true,"href":"https:\/\/garciacamara.com\/de\/wp-json\/wp\/v2\/comments?post=1961"}],"version-history":[{"count":2,"href":"https:\/\/garciacamara.com\/de\/wp-json\/wp\/v2\/posts\/1961\/revisions"}],"predecessor-version":[{"id":2684,"href":"https:\/\/garciacamara.com\/de\/wp-json\/wp\/v2\/posts\/1961\/revisions\/2684"}],"wp:featuredmedia":[{"embeddable":true,"href":"https:\/\/garciacamara.com\/de\/wp-json\/wp\/v2\/media\/1959"}],"wp:attachment":[{"href":"https:\/\/garciacamara.com\/de\/wp-json\/wp\/v2\/media?parent=1961"}],"wp:term":[{"taxonomy":"category","embeddable":true,"href":"https:\/\/garciacamara.com\/de\/wp-json\/wp\/v2\/categories?post=1961"},{"taxonomy":"post_tag","embeddable":true,"href":"https:\/\/garciacamara.com\/de\/wp-json\/wp\/v2\/tags?post=1961"}],"curies":[{"name":"wp","href":"https:\/\/api.w.org\/{rel}","templated":true}]}}