{"id":2618,"date":"2023-01-16T08:26:24","date_gmt":"2023-01-16T08:26:24","guid":{"rendered":"https:\/\/garciacamara.com\/?p=2618"},"modified":"2023-01-31T12:47:50","modified_gmt":"2023-01-31T12:47:50","slug":"neuer-katalog-2023","status":"publish","type":"post","link":"https:\/\/garciacamara.com\/de\/neuer-katalog-2023\/","title":{"rendered":"Neuer Katalog 2023"},"content":{"rendered":"<p>Wir haben k\u00fcrzlich den neuen Produktkatalog von Garc\u00eda C\u00e1mara, in seiner aktualisierten Version 2023, vorgestellt.<\/p>\n<p><a href=\"https:\/\/garciacamara.com\/wp-content\/uploads\/2023\/01\/GC-Catalogo-2023-EN.pdf\">Du kannst den Katalog hier herunterladen<\/a><\/p>\n<p>Die Verpflichtung von Garc\u00eda C\u00e1mara, umweltfreundliche L\u00f6sungen zu finden, hat als Ergebnis eine neue Reihe W\u00e4rmetauscher hervorgebracht, die weniger umweltbelastend sind.<\/p>\n<p>Davon hervorzuheben sind:<\/p>\n<ul>\n<li>Verdampfer, die speziell f\u00fcr den Einsatz der neuen Gase A2L entwickelt wurden, sowohl in der kubischen als auch in der keilf\u00f6rmigen Bauform, mit einer Leistung von 25kW.<\/li>\n<li>Erweiterung der Verdampfer-Produktpalette f\u00fcr den Einsatz von CO2 mit PS 45 bar oder 60 bar. Zus\u00e4tzlich zu den bereits Verf\u00fcgbaren SCHP und MEHP f\u00fcr PS 80 bar.<\/li>\n<li>Verdampfer f\u00fcr Gefriertunnel, sowohl mit CO2 als auch NH3 mit Abtauen pro verbundener Kreislauf mit warmem Temper. In Kupferrohr oder rostfreiem Stahlrohr AISI304.<\/li>\n<li>Gask\u00fchler f\u00fcr CO2, entwickelt f\u00fcr den Au\u00dfenbereich mit Axialventilatoren des Sortiments AXG, und f\u00fcr den Maschinenraum mit Radialventilatoren, Sortiment RGS.<\/li>\n<\/ul>\n<p>&nbsp;<\/p>\n<p><img fetchpriority=\"high\" decoding=\"async\" class=\"alignnone wp-image-2606 size-large\" src=\"https:\/\/garciacamara.com\/wp-content\/uploads\/2023\/01\/Dual_nh3-1024x590.jpg\" alt=\"\" width=\"800\" height=\"461\" srcset=\"https:\/\/garciacamara.com\/wp-content\/uploads\/2023\/01\/Dual_nh3-1024x590.jpg 1024w, https:\/\/garciacamara.com\/wp-content\/uploads\/2023\/01\/Dual_nh3-300x173.jpg 300w, https:\/\/garciacamara.com\/wp-content\/uploads\/2023\/01\/Dual_nh3-768x442.jpg 768w, https:\/\/garciacamara.com\/wp-content\/uploads\/2023\/01\/Dual_nh3-1536x885.jpg 1536w, https:\/\/garciacamara.com\/wp-content\/uploads\/2023\/01\/Dual_nh3.jpg 1602w\" sizes=\"(max-width: 800px) 100vw, 800px\" \/><\/p>\n","protected":false},"excerpt":{"rendered":"<p>Wir haben k\u00fcrzlich den neuen Produktkatalog von Garc\u00eda C\u00e1mara, in seiner aktualisierten Version 2023, vorgestellt. Du kannst den Katalog hier herunterladen Die Verpflichtung von Garc\u00eda C\u00e1mara, umweltfreundliche L\u00f6sungen zu finden, hat als Ergebnis eine neue Reihe W\u00e4rmetauscher hervorgebracht, die weniger umweltbelastend sind. Davon hervorzuheben sind: Verdampfer, die speziell f\u00fcr den Einsatz der neuen Gase A2L [&hellip;]<\/p>\n","protected":false},"author":1,"featured_media":2603,"comment_status":"closed","ping_status":"closed","sticky":false,"template":"","format":"standard","meta":{"inline_featured_image":false,"footnotes":""},"categories":[51],"tags":[],"class_list":["post-2618","post","type-post","status-publish","format-standard","has-post-thumbnail","hentry","category-unkategorisiert"],"yoast_head":"<!-- This site is optimized with the Yoast SEO plugin v25.8 - https:\/\/yoast.com\/wordpress\/plugins\/seo\/ -->\n<title>Neuer Katalog 2023 - Garc\u00eda C\u00e1mara<\/title>\n<meta name=\"robots\" content=\"index, follow, max-snippet:-1, max-image-preview:large, max-video-preview:-1\" \/>\n<link rel=\"canonical\" href=\"https:\/\/garciacamara.com\/de\/neuer-katalog-2023\/\" \/>\n<meta property=\"og:locale\" content=\"de_DE\" \/>\n<meta property=\"og:type\" content=\"article\" \/>\n<meta property=\"og:title\" content=\"Neuer Katalog 2023 - Garc\u00eda C\u00e1mara\" \/>\n<meta property=\"og:description\" content=\"Wir haben k\u00fcrzlich den neuen Produktkatalog von Garc\u00eda C\u00e1mara, in seiner aktualisierten Version 2023, vorgestellt. Du kannst den Katalog hier herunterladen Die Verpflichtung von Garc\u00eda C\u00e1mara, umweltfreundliche L\u00f6sungen zu finden, hat als Ergebnis eine neue Reihe W\u00e4rmetauscher hervorgebracht, die weniger umweltbelastend sind. Davon hervorzuheben sind: Verdampfer, die speziell f\u00fcr den Einsatz der neuen Gase A2L [&hellip;]\" \/>\n<meta property=\"og:url\" content=\"https:\/\/garciacamara.com\/de\/neuer-katalog-2023\/\" \/>\n<meta property=\"og:site_name\" content=\"Garc\u00eda C\u00e1mara\" \/>\n<meta property=\"article:published_time\" content=\"2023-01-16T08:26:24+00:00\" \/>\n<meta property=\"article:modified_time\" content=\"2023-01-31T12:47:50+00:00\" \/>\n<meta property=\"og:image\" content=\"https:\/\/garciacamara.com\/wp-content\/uploads\/2023\/01\/GC-Catalogo-Espanol-2021-V1_Pagina_116_Imagen_0001.jpg\" \/>\n\t<meta property=\"og:image:width\" content=\"1760\" \/>\n\t<meta property=\"og:image:height\" content=\"1444\" \/>\n\t<meta property=\"og:image:type\" content=\"image\/jpeg\" \/>\n<meta name=\"author\" content=\"admin\" \/>\n<meta name=\"twitter:card\" content=\"summary_large_image\" \/>\n<meta name=\"twitter:label1\" content=\"Verfasst von\" \/>\n\t<meta name=\"twitter:data1\" content=\"admin\" \/>\n\t<meta name=\"twitter:label2\" content=\"Gesch\u00e4tzte Lesezeit\" \/>\n\t<meta name=\"twitter:data2\" content=\"1\u00a0Minute\" \/>\n<script type=\"application\/ld+json\" class=\"yoast-schema-graph\">{\"@context\":\"https:\/\/schema.org\",\"@graph\":[{\"@type\":\"Article\",\"@id\":\"https:\/\/garciacamara.com\/de\/neuer-katalog-2023\/#article\",\"isPartOf\":{\"@id\":\"https:\/\/garciacamara.com\/de\/neuer-katalog-2023\/\"},\"author\":{\"name\":\"admin\",\"@id\":\"https:\/\/garciacamara.com\/#\/schema\/person\/aa613a88a23149c6fc92e223afb4ce52\"},\"headline\":\"Neuer Katalog 2023\",\"datePublished\":\"2023-01-16T08:26:24+00:00\",\"dateModified\":\"2023-01-31T12:47:50+00:00\",\"mainEntityOfPage\":{\"@id\":\"https:\/\/garciacamara.com\/de\/neuer-katalog-2023\/\"},\"wordCount\":161,\"publisher\":{\"@id\":\"https:\/\/garciacamara.com\/#organization\"},\"image\":{\"@id\":\"https:\/\/garciacamara.com\/de\/neuer-katalog-2023\/#primaryimage\"},\"thumbnailUrl\":\"https:\/\/garciacamara.com\/wp-content\/uploads\/2023\/01\/GC-Catalogo-Espanol-2021-V1_Pagina_116_Imagen_0001.jpg\",\"articleSection\":[\"Unkategorisiert\"],\"inLanguage\":\"de\"},{\"@type\":\"WebPage\",\"@id\":\"https:\/\/garciacamara.com\/de\/neuer-katalog-2023\/\",\"url\":\"https:\/\/garciacamara.com\/de\/neuer-katalog-2023\/\",\"name\":\"Neuer Katalog 2023 - Garc\u00eda C\u00e1mara\",\"isPartOf\":{\"@id\":\"https:\/\/garciacamara.com\/#website\"},\"primaryImageOfPage\":{\"@id\":\"https:\/\/garciacamara.com\/de\/neuer-katalog-2023\/#primaryimage\"},\"image\":{\"@id\":\"https:\/\/garciacamara.com\/de\/neuer-katalog-2023\/#primaryimage\"},\"thumbnailUrl\":\"https:\/\/garciacamara.com\/wp-content\/uploads\/2023\/01\/GC-Catalogo-Espanol-2021-V1_Pagina_116_Imagen_0001.jpg\",\"datePublished\":\"2023-01-16T08:26:24+00:00\",\"dateModified\":\"2023-01-31T12:47:50+00:00\",\"breadcrumb\":{\"@id\":\"https:\/\/garciacamara.com\/de\/neuer-katalog-2023\/#breadcrumb\"},\"inLanguage\":\"de\",\"potentialAction\":[{\"@type\":\"ReadAction\",\"target\":[\"https:\/\/garciacamara.com\/de\/neuer-katalog-2023\/\"]}]},{\"@type\":\"ImageObject\",\"inLanguage\":\"de\",\"@id\":\"https:\/\/garciacamara.com\/de\/neuer-katalog-2023\/#primaryimage\",\"url\":\"https:\/\/garciacamara.com\/wp-content\/uploads\/2023\/01\/GC-Catalogo-Espanol-2021-V1_Pagina_116_Imagen_0001.jpg\",\"contentUrl\":\"https:\/\/garciacamara.com\/wp-content\/uploads\/2023\/01\/GC-Catalogo-Espanol-2021-V1_Pagina_116_Imagen_0001.jpg\",\"width\":1760,\"height\":1444},{\"@type\":\"BreadcrumbList\",\"@id\":\"https:\/\/garciacamara.com\/de\/neuer-katalog-2023\/#breadcrumb\",\"itemListElement\":[{\"@type\":\"ListItem\",\"position\":1,\"name\":\"Home\",\"item\":\"https:\/\/garciacamara.com\/\"},{\"@type\":\"ListItem\",\"position\":2,\"name\":\"Neuer Katalog 2023\"}]},{\"@type\":\"WebSite\",\"@id\":\"https:\/\/garciacamara.com\/#website\",\"url\":\"https:\/\/garciacamara.com\/\",\"name\":\"Garc\u00eda C\u00e1mara\",\"description\":\"Fabricaci\u00f3n de intercambiadores de calor desde 1942.\",\"publisher\":{\"@id\":\"https:\/\/garciacamara.com\/#organization\"},\"potentialAction\":[{\"@type\":\"SearchAction\",\"target\":{\"@type\":\"EntryPoint\",\"urlTemplate\":\"https:\/\/garciacamara.com\/?s={search_term_string}\"},\"query-input\":{\"@type\":\"PropertyValueSpecification\",\"valueRequired\":true,\"valueName\":\"search_term_string\"}}],\"inLanguage\":\"de\"},{\"@type\":\"Organization\",\"@id\":\"https:\/\/garciacamara.com\/#organization\",\"name\":\"Garc\u00eda C\u00e1mara\",\"url\":\"https:\/\/garciacamara.com\/\",\"logo\":{\"@type\":\"ImageObject\",\"inLanguage\":\"de\",\"@id\":\"https:\/\/garciacamara.com\/#\/schema\/logo\/image\/\",\"url\":\"https:\/\/garciacamara.com\/wp-content\/uploads\/2022\/03\/logo-garcia-camara-gc-4.svg\",\"contentUrl\":\"https:\/\/garciacamara.com\/wp-content\/uploads\/2022\/03\/logo-garcia-camara-gc-4.svg\",\"width\":1,\"height\":1,\"caption\":\"Garc\u00eda C\u00e1mara\"},\"image\":{\"@id\":\"https:\/\/garciacamara.com\/#\/schema\/logo\/image\/\"}},{\"@type\":\"Person\",\"@id\":\"https:\/\/garciacamara.com\/#\/schema\/person\/aa613a88a23149c6fc92e223afb4ce52\",\"name\":\"admin\",\"image\":{\"@type\":\"ImageObject\",\"inLanguage\":\"de\",\"@id\":\"https:\/\/garciacamara.com\/#\/schema\/person\/image\/\",\"url\":\"https:\/\/secure.gravatar.com\/avatar\/36a9315860220403161fb8d1a553e0bfcda20cd072a559fce5b00b50ca98b04a?s=96&d=mm&r=g\",\"contentUrl\":\"https:\/\/secure.gravatar.com\/avatar\/36a9315860220403161fb8d1a553e0bfcda20cd072a559fce5b00b50ca98b04a?s=96&d=mm&r=g\",\"caption\":\"admin\"},\"sameAs\":[\"https:\/\/garciacamara.com\"],\"url\":\"https:\/\/garciacamara.com\/de\/author\/lobby_rtfo0fqw\/\"}]}<\/script>\n<!-- \/ Yoast SEO plugin. -->","yoast_head_json":{"title":"Neuer Katalog 2023 - Garc\u00eda C\u00e1mara","robots":{"index":"index","follow":"follow","max-snippet":"max-snippet:-1","max-image-preview":"max-image-preview:large","max-video-preview":"max-video-preview:-1"},"canonical":"https:\/\/garciacamara.com\/de\/neuer-katalog-2023\/","og_locale":"de_DE","og_type":"article","og_title":"Neuer Katalog 2023 - Garc\u00eda C\u00e1mara","og_description":"Wir haben k\u00fcrzlich den neuen Produktkatalog von Garc\u00eda C\u00e1mara, in seiner aktualisierten Version 2023, vorgestellt. Du kannst den Katalog hier herunterladen Die Verpflichtung von Garc\u00eda C\u00e1mara, umweltfreundliche L\u00f6sungen zu finden, hat als Ergebnis eine neue Reihe W\u00e4rmetauscher hervorgebracht, die weniger umweltbelastend sind. Davon hervorzuheben sind: Verdampfer, die speziell f\u00fcr den Einsatz der neuen Gase A2L [&hellip;]","og_url":"https:\/\/garciacamara.com\/de\/neuer-katalog-2023\/","og_site_name":"Garc\u00eda C\u00e1mara","article_published_time":"2023-01-16T08:26:24+00:00","article_modified_time":"2023-01-31T12:47:50+00:00","og_image":[{"width":1760,"height":1444,"url":"https:\/\/garciacamara.com\/wp-content\/uploads\/2023\/01\/GC-Catalogo-Espanol-2021-V1_Pagina_116_Imagen_0001.jpg","type":"image\/jpeg"}],"author":"admin","twitter_card":"summary_large_image","twitter_misc":{"Verfasst von":"admin","Gesch\u00e4tzte Lesezeit":"1\u00a0Minute"},"schema":{"@context":"https:\/\/schema.org","@graph":[{"@type":"Article","@id":"https:\/\/garciacamara.com\/de\/neuer-katalog-2023\/#article","isPartOf":{"@id":"https:\/\/garciacamara.com\/de\/neuer-katalog-2023\/"},"author":{"name":"admin","@id":"https:\/\/garciacamara.com\/#\/schema\/person\/aa613a88a23149c6fc92e223afb4ce52"},"headline":"Neuer Katalog 2023","datePublished":"2023-01-16T08:26:24+00:00","dateModified":"2023-01-31T12:47:50+00:00","mainEntityOfPage":{"@id":"https:\/\/garciacamara.com\/de\/neuer-katalog-2023\/"},"wordCount":161,"publisher":{"@id":"https:\/\/garciacamara.com\/#organization"},"image":{"@id":"https:\/\/garciacamara.com\/de\/neuer-katalog-2023\/#primaryimage"},"thumbnailUrl":"https:\/\/garciacamara.com\/wp-content\/uploads\/2023\/01\/GC-Catalogo-Espanol-2021-V1_Pagina_116_Imagen_0001.jpg","articleSection":["Unkategorisiert"],"inLanguage":"de"},{"@type":"WebPage","@id":"https:\/\/garciacamara.com\/de\/neuer-katalog-2023\/","url":"https:\/\/garciacamara.com\/de\/neuer-katalog-2023\/","name":"Neuer Katalog 2023 - Garc\u00eda C\u00e1mara","isPartOf":{"@id":"https:\/\/garciacamara.com\/#website"},"primaryImageOfPage":{"@id":"https:\/\/garciacamara.com\/de\/neuer-katalog-2023\/#primaryimage"},"image":{"@id":"https:\/\/garciacamara.com\/de\/neuer-katalog-2023\/#primaryimage"},"thumbnailUrl":"https:\/\/garciacamara.com\/wp-content\/uploads\/2023\/01\/GC-Catalogo-Espanol-2021-V1_Pagina_116_Imagen_0001.jpg","datePublished":"2023-01-16T08:26:24+00:00","dateModified":"2023-01-31T12:47:50+00:00","breadcrumb":{"@id":"https:\/\/garciacamara.com\/de\/neuer-katalog-2023\/#breadcrumb"},"inLanguage":"de","potentialAction":[{"@type":"ReadAction","target":["https:\/\/garciacamara.com\/de\/neuer-katalog-2023\/"]}]},{"@type":"ImageObject","inLanguage":"de","@id":"https:\/\/garciacamara.com\/de\/neuer-katalog-2023\/#primaryimage","url":"https:\/\/garciacamara.com\/wp-content\/uploads\/2023\/01\/GC-Catalogo-Espanol-2021-V1_Pagina_116_Imagen_0001.jpg","contentUrl":"https:\/\/garciacamara.com\/wp-content\/uploads\/2023\/01\/GC-Catalogo-Espanol-2021-V1_Pagina_116_Imagen_0001.jpg","width":1760,"height":1444},{"@type":"BreadcrumbList","@id":"https:\/\/garciacamara.com\/de\/neuer-katalog-2023\/#breadcrumb","itemListElement":[{"@type":"ListItem","position":1,"name":"Home","item":"https:\/\/garciacamara.com\/"},{"@type":"ListItem","position":2,"name":"Neuer Katalog 2023"}]},{"@type":"WebSite","@id":"https:\/\/garciacamara.com\/#website","url":"https:\/\/garciacamara.com\/","name":"Garc\u00eda C\u00e1mara","description":"Fabricaci\u00f3n de intercambiadores de calor desde 1942.","publisher":{"@id":"https:\/\/garciacamara.com\/#organization"},"potentialAction":[{"@type":"SearchAction","target":{"@type":"EntryPoint","urlTemplate":"https:\/\/garciacamara.com\/?s={search_term_string}"},"query-input":{"@type":"PropertyValueSpecification","valueRequired":true,"valueName":"search_term_string"}}],"inLanguage":"de"},{"@type":"Organization","@id":"https:\/\/garciacamara.com\/#organization","name":"Garc\u00eda C\u00e1mara","url":"https:\/\/garciacamara.com\/","logo":{"@type":"ImageObject","inLanguage":"de","@id":"https:\/\/garciacamara.com\/#\/schema\/logo\/image\/","url":"https:\/\/garciacamara.com\/wp-content\/uploads\/2022\/03\/logo-garcia-camara-gc-4.svg","contentUrl":"https:\/\/garciacamara.com\/wp-content\/uploads\/2022\/03\/logo-garcia-camara-gc-4.svg","width":1,"height":1,"caption":"Garc\u00eda C\u00e1mara"},"image":{"@id":"https:\/\/garciacamara.com\/#\/schema\/logo\/image\/"}},{"@type":"Person","@id":"https:\/\/garciacamara.com\/#\/schema\/person\/aa613a88a23149c6fc92e223afb4ce52","name":"admin","image":{"@type":"ImageObject","inLanguage":"de","@id":"https:\/\/garciacamara.com\/#\/schema\/person\/image\/","url":"https:\/\/secure.gravatar.com\/avatar\/36a9315860220403161fb8d1a553e0bfcda20cd072a559fce5b00b50ca98b04a?s=96&d=mm&r=g","contentUrl":"https:\/\/secure.gravatar.com\/avatar\/36a9315860220403161fb8d1a553e0bfcda20cd072a559fce5b00b50ca98b04a?s=96&d=mm&r=g","caption":"admin"},"sameAs":["https:\/\/garciacamara.com"],"url":"https:\/\/garciacamara.com\/de\/author\/lobby_rtfo0fqw\/"}]}},"_links":{"self":[{"href":"https:\/\/garciacamara.com\/de\/wp-json\/wp\/v2\/posts\/2618","targetHints":{"allow":["GET"]}}],"collection":[{"href":"https:\/\/garciacamara.com\/de\/wp-json\/wp\/v2\/posts"}],"about":[{"href":"https:\/\/garciacamara.com\/de\/wp-json\/wp\/v2\/types\/post"}],"author":[{"embeddable":true,"href":"https:\/\/garciacamara.com\/de\/wp-json\/wp\/v2\/users\/1"}],"replies":[{"embeddable":true,"href":"https:\/\/garciacamara.com\/de\/wp-json\/wp\/v2\/comments?post=2618"}],"version-history":[{"count":7,"href":"https:\/\/garciacamara.com\/de\/wp-json\/wp\/v2\/posts\/2618\/revisions"}],"predecessor-version":[{"id":2689,"href":"https:\/\/garciacamara.com\/de\/wp-json\/wp\/v2\/posts\/2618\/revisions\/2689"}],"wp:featuredmedia":[{"embeddable":true,"href":"https:\/\/garciacamara.com\/de\/wp-json\/wp\/v2\/media\/2603"}],"wp:attachment":[{"href":"https:\/\/garciacamara.com\/de\/wp-json\/wp\/v2\/media?parent=2618"}],"wp:term":[{"taxonomy":"category","embeddable":true,"href":"https:\/\/garciacamara.com\/de\/wp-json\/wp\/v2\/categories?post=2618"},{"taxonomy":"post_tag","embeddable":true,"href":"https:\/\/garciacamara.com\/de\/wp-json\/wp\/v2\/tags?post=2618"}],"curies":[{"name":"wp","href":"https:\/\/api.w.org\/{rel}","templated":true}]}}