{"id":2678,"date":"2022-08-12T08:52:20","date_gmt":"2022-08-12T08:52:20","guid":{"rendered":"https:\/\/garciacamara.com\/?p=2678"},"modified":"2023-01-31T12:36:26","modified_gmt":"2023-01-31T12:36:26","slug":"garcia-camara-feiert-sein-80jaehriges-bestehen","status":"publish","type":"post","link":"https:\/\/garciacamara.com\/de\/garcia-camara-feiert-sein-80jaehriges-bestehen\/","title":{"rendered":"Garc\u00eda C\u00e1mara feiert sein 80j\u00e4hriges Bestehen"},"content":{"rendered":"\t\t<div data-elementor-type=\"wp-post\" data-elementor-id=\"2678\" class=\"elementor elementor-2678 elementor-1442\" data-elementor-post-type=\"post\">\n\t\t\t\t\t\t<section class=\"elementor-section elementor-top-section elementor-element elementor-element-590293ae elementor-section-boxed elementor-section-height-default elementor-section-height-default\" data-id=\"590293ae\" data-element_type=\"section\">\n\t\t\t\t\t\t<div class=\"elementor-container elementor-column-gap-default\">\n\t\t\t\t\t<div class=\"elementor-column elementor-col-100 elementor-top-column elementor-element elementor-element-16e82337\" data-id=\"16e82337\" data-element_type=\"column\">\n\t\t\t<div class=\"elementor-widget-wrap elementor-element-populated\">\n\t\t\t\t\t\t<div class=\"elementor-element elementor-element-590d88d8 elementor-widget elementor-widget-text-editor\" data-id=\"590d88d8\" data-element_type=\"widget\" data-widget_type=\"text-editor.default\">\n\t\t\t\t<div class=\"elementor-widget-container\">\n\t\t\t\t\t\t\t\t\t<p><\/p>\n<p>No todos los d\u00edas se celebra una noticia tan bonita.<\/p>\n<p><\/p>\n<p><\/p>\n<p>Y es que ya son ocho d\u00e9cadas de vida y experiencia. Desde 1942 dedicados a la fabricaci\u00f3n de intercambiadores de calor. Y esa misi\u00f3n no ha cambiado hasta el d\u00eda de hoy. Nuestro objetivo sigue siendo el de proporcionar a nuestros clientes la mejor soluci\u00f3n posible a las necesidades de un mercado cambiante y exigente. <\/p>\n<p><\/p>\n<p><\/p>\n<p>Para ello contamos con maquinaria de \u00faltima tecnolog\u00eda, unas modernas instalaciones de m\u00e1s de 5.000m2 bien comunicadas con los puntos neur\u00e1lgicos de la zona y especialmente de un gran equipo humano, flexible y altamente cualificado.<\/p>\n<p><\/p>\n<p><\/p>\n<p>Desde siempre nuestra inquietud es alcanzar la m\u00e1xima calidad, por eso investigamos, invertimos y desarrollamos en nuevos procesos y productos. Y eso, no ha cambiado, ni va a cambiar en el futuro. <\/p>\n<p><\/p>\n<p><\/p>\n<p>Seguimos trabajando por la satisfacci\u00f3n de nuestros clientes. GRACIAS por confiar en nosotros.<\/p>\n<p><\/p>\n<p><\/p>\n<figure class=\"wp-block-image size-full is-resized\"><img fetchpriority=\"high\" decoding=\"async\" src=\"https:\/\/garciacamara.com\/wp-content\/uploads\/2022\/08\/Captura-de-pantalla-2022-08-12-a-las-10.50.51.png\" alt=\"\" class=\"wp-image-1444\" width=\"659\" height=\"923\" srcset=\"https:\/\/garciacamara.com\/wp-content\/uploads\/2022\/08\/Captura-de-pantalla-2022-08-12-a-las-10.50.51.png 659w, https:\/\/garciacamara.com\/wp-content\/uploads\/2022\/08\/Captura-de-pantalla-2022-08-12-a-las-10.50.51-214x300.png 214w\" sizes=\"(max-width: 659px) 100vw, 659px\" \/><\/figure>\n<p><\/p>\t\t\t\t\t\t\t\t<\/div>\n\t\t\t\t<\/div>\n\t\t\t\t\t<\/div>\n\t\t<\/div>\n\t\t\t\t\t<\/div>\n\t\t<\/section>\n\t\t\t\t<\/div>\n\t\t","protected":false},"excerpt":{"rendered":"<p>Nicht jeden Tag feiert man einen so sch\u00f6nen Anlass. Wir blicken auf acht Jahrzehnte Erfahrung zur\u00fcck. Seit 1942 stellen wir W\u00e4rmetauscher her. Und diese Mission hat sich bis heute nicht ge\u00e4ndert. Es bleibt unser Ziel, unseren Kunden die beste L\u00f6sung f\u00fcr die Anforderungen auf einem sich wandelnden und anspruchsvollen Markt zu bieten. Dazu stehen uns [&hellip;]<\/p>\n","protected":false},"author":1,"featured_media":1628,"comment_status":"closed","ping_status":"closed","sticky":false,"template":"","format":"standard","meta":{"inline_featured_image":false,"footnotes":""},"categories":[51],"tags":[],"class_list":["post-2678","post","type-post","status-publish","format-standard","has-post-thumbnail","hentry","category-unkategorisiert"],"yoast_head":"<!-- This site is optimized with the Yoast SEO plugin v25.8 - https:\/\/yoast.com\/wordpress\/plugins\/seo\/ -->\n<title>Garc\u00eda C\u00e1mara feiert sein 80j\u00e4hriges Bestehen - Garc\u00eda C\u00e1mara<\/title>\n<meta name=\"robots\" content=\"index, follow, max-snippet:-1, max-image-preview:large, max-video-preview:-1\" \/>\n<link rel=\"canonical\" href=\"https:\/\/garciacamara.com\/de\/garcia-camara-feiert-sein-80jaehriges-bestehen\/\" \/>\n<meta property=\"og:locale\" content=\"de_DE\" \/>\n<meta property=\"og:type\" content=\"article\" \/>\n<meta property=\"og:title\" content=\"Garc\u00eda C\u00e1mara feiert sein 80j\u00e4hriges Bestehen - Garc\u00eda C\u00e1mara\" \/>\n<meta property=\"og:description\" content=\"Nicht jeden Tag feiert man einen so sch\u00f6nen Anlass. Wir blicken auf acht Jahrzehnte Erfahrung zur\u00fcck. Seit 1942 stellen wir W\u00e4rmetauscher her. Und diese Mission hat sich bis heute nicht ge\u00e4ndert. Es bleibt unser Ziel, unseren Kunden die beste L\u00f6sung f\u00fcr die Anforderungen auf einem sich wandelnden und anspruchsvollen Markt zu bieten. Dazu stehen uns [&hellip;]\" \/>\n<meta property=\"og:url\" content=\"https:\/\/garciacamara.com\/de\/garcia-camara-feiert-sein-80jaehriges-bestehen\/\" \/>\n<meta property=\"og:site_name\" content=\"Garc\u00eda C\u00e1mara\" \/>\n<meta property=\"article:published_time\" content=\"2022-08-12T08:52:20+00:00\" \/>\n<meta property=\"article:modified_time\" content=\"2023-01-31T12:36:26+00:00\" \/>\n<meta property=\"og:image\" content=\"https:\/\/garciacamara.com\/wp-content\/uploads\/2022\/08\/Captura-de-pantalla-2022-08-12-a-las-10.53.15.png\" \/>\n\t<meta property=\"og:image:width\" content=\"662\" \/>\n\t<meta property=\"og:image:height\" content=\"495\" \/>\n\t<meta property=\"og:image:type\" content=\"image\/png\" \/>\n<meta name=\"author\" content=\"admin\" \/>\n<meta name=\"twitter:card\" content=\"summary_large_image\" \/>\n<meta name=\"twitter:label1\" content=\"Verfasst von\" \/>\n\t<meta name=\"twitter:data1\" content=\"admin\" \/>\n\t<meta name=\"twitter:label2\" content=\"Gesch\u00e4tzte Lesezeit\" \/>\n\t<meta name=\"twitter:data2\" content=\"1\u00a0Minute\" \/>\n<script type=\"application\/ld+json\" class=\"yoast-schema-graph\">{\"@context\":\"https:\/\/schema.org\",\"@graph\":[{\"@type\":\"Article\",\"@id\":\"https:\/\/garciacamara.com\/de\/garcia-camara-feiert-sein-80jaehriges-bestehen\/#article\",\"isPartOf\":{\"@id\":\"https:\/\/garciacamara.com\/de\/garcia-camara-feiert-sein-80jaehriges-bestehen\/\"},\"author\":{\"name\":\"admin\",\"@id\":\"https:\/\/garciacamara.com\/#\/schema\/person\/aa613a88a23149c6fc92e223afb4ce52\"},\"headline\":\"Garc\u00eda C\u00e1mara feiert sein 80j\u00e4hriges Bestehen\",\"datePublished\":\"2022-08-12T08:52:20+00:00\",\"dateModified\":\"2023-01-31T12:36:26+00:00\",\"mainEntityOfPage\":{\"@id\":\"https:\/\/garciacamara.com\/de\/garcia-camara-feiert-sein-80jaehriges-bestehen\/\"},\"wordCount\":154,\"publisher\":{\"@id\":\"https:\/\/garciacamara.com\/#organization\"},\"image\":{\"@id\":\"https:\/\/garciacamara.com\/de\/garcia-camara-feiert-sein-80jaehriges-bestehen\/#primaryimage\"},\"thumbnailUrl\":\"https:\/\/garciacamara.com\/wp-content\/uploads\/2022\/08\/Captura-de-pantalla-2022-08-12-a-las-10.53.15.png\",\"articleSection\":[\"Unkategorisiert\"],\"inLanguage\":\"de\"},{\"@type\":\"WebPage\",\"@id\":\"https:\/\/garciacamara.com\/de\/garcia-camara-feiert-sein-80jaehriges-bestehen\/\",\"url\":\"https:\/\/garciacamara.com\/de\/garcia-camara-feiert-sein-80jaehriges-bestehen\/\",\"name\":\"Garc\u00eda C\u00e1mara feiert sein 80j\u00e4hriges Bestehen - Garc\u00eda C\u00e1mara\",\"isPartOf\":{\"@id\":\"https:\/\/garciacamara.com\/#website\"},\"primaryImageOfPage\":{\"@id\":\"https:\/\/garciacamara.com\/de\/garcia-camara-feiert-sein-80jaehriges-bestehen\/#primaryimage\"},\"image\":{\"@id\":\"https:\/\/garciacamara.com\/de\/garcia-camara-feiert-sein-80jaehriges-bestehen\/#primaryimage\"},\"thumbnailUrl\":\"https:\/\/garciacamara.com\/wp-content\/uploads\/2022\/08\/Captura-de-pantalla-2022-08-12-a-las-10.53.15.png\",\"datePublished\":\"2022-08-12T08:52:20+00:00\",\"dateModified\":\"2023-01-31T12:36:26+00:00\",\"breadcrumb\":{\"@id\":\"https:\/\/garciacamara.com\/de\/garcia-camara-feiert-sein-80jaehriges-bestehen\/#breadcrumb\"},\"inLanguage\":\"de\",\"potentialAction\":[{\"@type\":\"ReadAction\",\"target\":[\"https:\/\/garciacamara.com\/de\/garcia-camara-feiert-sein-80jaehriges-bestehen\/\"]}]},{\"@type\":\"ImageObject\",\"inLanguage\":\"de\",\"@id\":\"https:\/\/garciacamara.com\/de\/garcia-camara-feiert-sein-80jaehriges-bestehen\/#primaryimage\",\"url\":\"https:\/\/garciacamara.com\/wp-content\/uploads\/2022\/08\/Captura-de-pantalla-2022-08-12-a-las-10.53.15.png\",\"contentUrl\":\"https:\/\/garciacamara.com\/wp-content\/uploads\/2022\/08\/Captura-de-pantalla-2022-08-12-a-las-10.53.15.png\",\"width\":662,\"height\":495},{\"@type\":\"BreadcrumbList\",\"@id\":\"https:\/\/garciacamara.com\/de\/garcia-camara-feiert-sein-80jaehriges-bestehen\/#breadcrumb\",\"itemListElement\":[{\"@type\":\"ListItem\",\"position\":1,\"name\":\"Home\",\"item\":\"https:\/\/garciacamara.com\/\"},{\"@type\":\"ListItem\",\"position\":2,\"name\":\"Garc\u00eda C\u00e1mara feiert sein 80j\u00e4hriges Bestehen\"}]},{\"@type\":\"WebSite\",\"@id\":\"https:\/\/garciacamara.com\/#website\",\"url\":\"https:\/\/garciacamara.com\/\",\"name\":\"Garc\u00eda C\u00e1mara\",\"description\":\"Fabricaci\u00f3n de intercambiadores de calor desde 1942.\",\"publisher\":{\"@id\":\"https:\/\/garciacamara.com\/#organization\"},\"potentialAction\":[{\"@type\":\"SearchAction\",\"target\":{\"@type\":\"EntryPoint\",\"urlTemplate\":\"https:\/\/garciacamara.com\/?s={search_term_string}\"},\"query-input\":{\"@type\":\"PropertyValueSpecification\",\"valueRequired\":true,\"valueName\":\"search_term_string\"}}],\"inLanguage\":\"de\"},{\"@type\":\"Organization\",\"@id\":\"https:\/\/garciacamara.com\/#organization\",\"name\":\"Garc\u00eda C\u00e1mara\",\"url\":\"https:\/\/garciacamara.com\/\",\"logo\":{\"@type\":\"ImageObject\",\"inLanguage\":\"de\",\"@id\":\"https:\/\/garciacamara.com\/#\/schema\/logo\/image\/\",\"url\":\"https:\/\/garciacamara.com\/wp-content\/uploads\/2022\/03\/logo-garcia-camara-gc-4.svg\",\"contentUrl\":\"https:\/\/garciacamara.com\/wp-content\/uploads\/2022\/03\/logo-garcia-camara-gc-4.svg\",\"width\":1,\"height\":1,\"caption\":\"Garc\u00eda C\u00e1mara\"},\"image\":{\"@id\":\"https:\/\/garciacamara.com\/#\/schema\/logo\/image\/\"}},{\"@type\":\"Person\",\"@id\":\"https:\/\/garciacamara.com\/#\/schema\/person\/aa613a88a23149c6fc92e223afb4ce52\",\"name\":\"admin\",\"image\":{\"@type\":\"ImageObject\",\"inLanguage\":\"de\",\"@id\":\"https:\/\/garciacamara.com\/#\/schema\/person\/image\/\",\"url\":\"https:\/\/secure.gravatar.com\/avatar\/36a9315860220403161fb8d1a553e0bfcda20cd072a559fce5b00b50ca98b04a?s=96&d=mm&r=g\",\"contentUrl\":\"https:\/\/secure.gravatar.com\/avatar\/36a9315860220403161fb8d1a553e0bfcda20cd072a559fce5b00b50ca98b04a?s=96&d=mm&r=g\",\"caption\":\"admin\"},\"sameAs\":[\"https:\/\/garciacamara.com\"],\"url\":\"https:\/\/garciacamara.com\/de\/author\/lobby_rtfo0fqw\/\"}]}<\/script>\n<!-- \/ Yoast SEO plugin. -->","yoast_head_json":{"title":"Garc\u00eda C\u00e1mara feiert sein 80j\u00e4hriges Bestehen - Garc\u00eda C\u00e1mara","robots":{"index":"index","follow":"follow","max-snippet":"max-snippet:-1","max-image-preview":"max-image-preview:large","max-video-preview":"max-video-preview:-1"},"canonical":"https:\/\/garciacamara.com\/de\/garcia-camara-feiert-sein-80jaehriges-bestehen\/","og_locale":"de_DE","og_type":"article","og_title":"Garc\u00eda C\u00e1mara feiert sein 80j\u00e4hriges Bestehen - Garc\u00eda C\u00e1mara","og_description":"Nicht jeden Tag feiert man einen so sch\u00f6nen Anlass. Wir blicken auf acht Jahrzehnte Erfahrung zur\u00fcck. Seit 1942 stellen wir W\u00e4rmetauscher her. Und diese Mission hat sich bis heute nicht ge\u00e4ndert. Es bleibt unser Ziel, unseren Kunden die beste L\u00f6sung f\u00fcr die Anforderungen auf einem sich wandelnden und anspruchsvollen Markt zu bieten. Dazu stehen uns [&hellip;]","og_url":"https:\/\/garciacamara.com\/de\/garcia-camara-feiert-sein-80jaehriges-bestehen\/","og_site_name":"Garc\u00eda C\u00e1mara","article_published_time":"2022-08-12T08:52:20+00:00","article_modified_time":"2023-01-31T12:36:26+00:00","og_image":[{"width":662,"height":495,"url":"https:\/\/garciacamara.com\/wp-content\/uploads\/2022\/08\/Captura-de-pantalla-2022-08-12-a-las-10.53.15.png","type":"image\/png"}],"author":"admin","twitter_card":"summary_large_image","twitter_misc":{"Verfasst von":"admin","Gesch\u00e4tzte Lesezeit":"1\u00a0Minute"},"schema":{"@context":"https:\/\/schema.org","@graph":[{"@type":"Article","@id":"https:\/\/garciacamara.com\/de\/garcia-camara-feiert-sein-80jaehriges-bestehen\/#article","isPartOf":{"@id":"https:\/\/garciacamara.com\/de\/garcia-camara-feiert-sein-80jaehriges-bestehen\/"},"author":{"name":"admin","@id":"https:\/\/garciacamara.com\/#\/schema\/person\/aa613a88a23149c6fc92e223afb4ce52"},"headline":"Garc\u00eda C\u00e1mara feiert sein 80j\u00e4hriges Bestehen","datePublished":"2022-08-12T08:52:20+00:00","dateModified":"2023-01-31T12:36:26+00:00","mainEntityOfPage":{"@id":"https:\/\/garciacamara.com\/de\/garcia-camara-feiert-sein-80jaehriges-bestehen\/"},"wordCount":154,"publisher":{"@id":"https:\/\/garciacamara.com\/#organization"},"image":{"@id":"https:\/\/garciacamara.com\/de\/garcia-camara-feiert-sein-80jaehriges-bestehen\/#primaryimage"},"thumbnailUrl":"https:\/\/garciacamara.com\/wp-content\/uploads\/2022\/08\/Captura-de-pantalla-2022-08-12-a-las-10.53.15.png","articleSection":["Unkategorisiert"],"inLanguage":"de"},{"@type":"WebPage","@id":"https:\/\/garciacamara.com\/de\/garcia-camara-feiert-sein-80jaehriges-bestehen\/","url":"https:\/\/garciacamara.com\/de\/garcia-camara-feiert-sein-80jaehriges-bestehen\/","name":"Garc\u00eda C\u00e1mara feiert sein 80j\u00e4hriges Bestehen - Garc\u00eda C\u00e1mara","isPartOf":{"@id":"https:\/\/garciacamara.com\/#website"},"primaryImageOfPage":{"@id":"https:\/\/garciacamara.com\/de\/garcia-camara-feiert-sein-80jaehriges-bestehen\/#primaryimage"},"image":{"@id":"https:\/\/garciacamara.com\/de\/garcia-camara-feiert-sein-80jaehriges-bestehen\/#primaryimage"},"thumbnailUrl":"https:\/\/garciacamara.com\/wp-content\/uploads\/2022\/08\/Captura-de-pantalla-2022-08-12-a-las-10.53.15.png","datePublished":"2022-08-12T08:52:20+00:00","dateModified":"2023-01-31T12:36:26+00:00","breadcrumb":{"@id":"https:\/\/garciacamara.com\/de\/garcia-camara-feiert-sein-80jaehriges-bestehen\/#breadcrumb"},"inLanguage":"de","potentialAction":[{"@type":"ReadAction","target":["https:\/\/garciacamara.com\/de\/garcia-camara-feiert-sein-80jaehriges-bestehen\/"]}]},{"@type":"ImageObject","inLanguage":"de","@id":"https:\/\/garciacamara.com\/de\/garcia-camara-feiert-sein-80jaehriges-bestehen\/#primaryimage","url":"https:\/\/garciacamara.com\/wp-content\/uploads\/2022\/08\/Captura-de-pantalla-2022-08-12-a-las-10.53.15.png","contentUrl":"https:\/\/garciacamara.com\/wp-content\/uploads\/2022\/08\/Captura-de-pantalla-2022-08-12-a-las-10.53.15.png","width":662,"height":495},{"@type":"BreadcrumbList","@id":"https:\/\/garciacamara.com\/de\/garcia-camara-feiert-sein-80jaehriges-bestehen\/#breadcrumb","itemListElement":[{"@type":"ListItem","position":1,"name":"Home","item":"https:\/\/garciacamara.com\/"},{"@type":"ListItem","position":2,"name":"Garc\u00eda C\u00e1mara feiert sein 80j\u00e4hriges Bestehen"}]},{"@type":"WebSite","@id":"https:\/\/garciacamara.com\/#website","url":"https:\/\/garciacamara.com\/","name":"Garc\u00eda C\u00e1mara","description":"Fabricaci\u00f3n de intercambiadores de calor desde 1942.","publisher":{"@id":"https:\/\/garciacamara.com\/#organization"},"potentialAction":[{"@type":"SearchAction","target":{"@type":"EntryPoint","urlTemplate":"https:\/\/garciacamara.com\/?s={search_term_string}"},"query-input":{"@type":"PropertyValueSpecification","valueRequired":true,"valueName":"search_term_string"}}],"inLanguage":"de"},{"@type":"Organization","@id":"https:\/\/garciacamara.com\/#organization","name":"Garc\u00eda C\u00e1mara","url":"https:\/\/garciacamara.com\/","logo":{"@type":"ImageObject","inLanguage":"de","@id":"https:\/\/garciacamara.com\/#\/schema\/logo\/image\/","url":"https:\/\/garciacamara.com\/wp-content\/uploads\/2022\/03\/logo-garcia-camara-gc-4.svg","contentUrl":"https:\/\/garciacamara.com\/wp-content\/uploads\/2022\/03\/logo-garcia-camara-gc-4.svg","width":1,"height":1,"caption":"Garc\u00eda C\u00e1mara"},"image":{"@id":"https:\/\/garciacamara.com\/#\/schema\/logo\/image\/"}},{"@type":"Person","@id":"https:\/\/garciacamara.com\/#\/schema\/person\/aa613a88a23149c6fc92e223afb4ce52","name":"admin","image":{"@type":"ImageObject","inLanguage":"de","@id":"https:\/\/garciacamara.com\/#\/schema\/person\/image\/","url":"https:\/\/secure.gravatar.com\/avatar\/36a9315860220403161fb8d1a553e0bfcda20cd072a559fce5b00b50ca98b04a?s=96&d=mm&r=g","contentUrl":"https:\/\/secure.gravatar.com\/avatar\/36a9315860220403161fb8d1a553e0bfcda20cd072a559fce5b00b50ca98b04a?s=96&d=mm&r=g","caption":"admin"},"sameAs":["https:\/\/garciacamara.com"],"url":"https:\/\/garciacamara.com\/de\/author\/lobby_rtfo0fqw\/"}]}},"_links":{"self":[{"href":"https:\/\/garciacamara.com\/de\/wp-json\/wp\/v2\/posts\/2678","targetHints":{"allow":["GET"]}}],"collection":[{"href":"https:\/\/garciacamara.com\/de\/wp-json\/wp\/v2\/posts"}],"about":[{"href":"https:\/\/garciacamara.com\/de\/wp-json\/wp\/v2\/types\/post"}],"author":[{"embeddable":true,"href":"https:\/\/garciacamara.com\/de\/wp-json\/wp\/v2\/users\/1"}],"replies":[{"embeddable":true,"href":"https:\/\/garciacamara.com\/de\/wp-json\/wp\/v2\/comments?post=2678"}],"version-history":[{"count":2,"href":"https:\/\/garciacamara.com\/de\/wp-json\/wp\/v2\/posts\/2678\/revisions"}],"predecessor-version":[{"id":2680,"href":"https:\/\/garciacamara.com\/de\/wp-json\/wp\/v2\/posts\/2678\/revisions\/2680"}],"wp:featuredmedia":[{"embeddable":true,"href":"https:\/\/garciacamara.com\/de\/wp-json\/wp\/v2\/media\/1628"}],"wp:attachment":[{"href":"https:\/\/garciacamara.com\/de\/wp-json\/wp\/v2\/media?parent=2678"}],"wp:term":[{"taxonomy":"category","embeddable":true,"href":"https:\/\/garciacamara.com\/de\/wp-json\/wp\/v2\/categories?post=2678"},{"taxonomy":"post_tag","embeddable":true,"href":"https:\/\/garciacamara.com\/de\/wp-json\/wp\/v2\/tags?post=2678"}],"curies":[{"name":"wp","href":"https:\/\/api.w.org\/{rel}","templated":true}]}}