{"id":2690,"date":"2022-11-30T10:49:38","date_gmt":"2022-11-30T10:49:38","guid":{"rendered":"https:\/\/garciacamara.com\/?p=2690"},"modified":"2023-01-31T12:51:23","modified_gmt":"2023-01-31T12:51:23","slug":"neuer-kondensator-fuer-r717","status":"publish","type":"post","link":"https:\/\/garciacamara.com\/de\/neuer-kondensator-fuer-r717\/","title":{"rendered":"Neuer Kondensator f\u00fcr R717"},"content":{"rendered":"\r\n<p>Unserem gr\u00fcnen Engagement folgend, entwickeln wir hocheffiziente Produkte, die nat\u00fcrliche K\u00e4ltemittel einsetzen, und die vollst\u00e4ndig recycelbar sind. Innerhalb unserer Spezialprodukte, die gem\u00e4\u00df den besonderen Spezifikationen unseres Kunden gefertigt wurden, haben wir den neuesten Kondensator f\u00fcr R717 (Ammoniak) vorgestellt. Technische Eigenschaften:<\/p>\r\n<ul>\r\n<li>R717 (Ammoniak) f\u00fcr eine Leistung von 275kW mit einem Temperaturdifferential von 10\u00baC.<\/li>\r\n<li>Rostfreies Stahlrohr AISI 304 mit einem internen Volumen von 200 Litern.<\/li>\r\n<li>Austauschoberfl\u00e4che von 1.700 m2.<\/li>\r\n<li>Elektronische Ventilatoren mit einem Luftstrom von 150.000 m3\/h und einem Stromverbrauch von 15 kW.<\/li>\r\n<\/ul>\r\n<p>&nbsp;<\/p>\r\n<!-- \/wp:post-content -->\r\n\r\n<!-- wp:gallery {\"linkTo\":\"none\"} -->\r\n<figure class=\"wp-block-gallery has-nested-images columns-default is-cropped\"><!-- wp:image {\"id\":2399,\"sizeSlug\":\"large\",\"linkDestination\":\"none\"} -->\r\n<figure class=\"wp-block-image size-large\"><\/figure>\r\n<!-- \/wp:image --><\/figure>\r\n<!-- \/wp:gallery -->\r\n\r\n<!-- wp:gallery {\"linkTo\":\"none\"} -->\r\n<figure class=\"wp-block-gallery has-nested-images columns-default is-cropped\"><!-- wp:image {\"id\":2403,\"sizeSlug\":\"large\",\"linkDestination\":\"none\"} -->\r\n<figure class=\"wp-block-image size-large\"><img fetchpriority=\"high\" decoding=\"async\" width=\"1024\" height=\"906\" class=\"wp-image-2403\" src=\"https:\/\/garciacamara.com\/wp-content\/uploads\/2022\/11\/P1000404-1024x906.png\" alt=\"\" srcset=\"https:\/\/garciacamara.com\/wp-content\/uploads\/2022\/11\/P1000404-1024x906.png 1024w, https:\/\/garciacamara.com\/wp-content\/uploads\/2022\/11\/P1000404-300x265.png 300w, https:\/\/garciacamara.com\/wp-content\/uploads\/2022\/11\/P1000404-768x679.png 768w, https:\/\/garciacamara.com\/wp-content\/uploads\/2022\/11\/P1000404-1536x1359.png 1536w, https:\/\/garciacamara.com\/wp-content\/uploads\/2022\/11\/P1000404-2048x1812.png 2048w\" sizes=\"(max-width: 1024px) 100vw, 1024px\" \/><\/figure>\r\n<!-- \/wp:image --><\/figure>\r\n<!-- \/wp:gallery -->","protected":false},"excerpt":{"rendered":"<p>Unserem gr\u00fcnen Engagement folgend, entwickeln wir hocheffiziente Produkte, die nat\u00fcrliche K\u00e4ltemittel einsetzen, und die vollst\u00e4ndig recycelbar sind. Innerhalb unserer Spezialprodukte, die gem\u00e4\u00df den besonderen Spezifikationen unseres Kunden gefertigt wurden, haben wir den neuesten Kondensator f\u00fcr R717 (Ammoniak) vorgestellt. Technische Eigenschaften: R717 (Ammoniak) f\u00fcr eine Leistung von 275kW mit einem Temperaturdifferential von 10\u00baC. Rostfreies Stahlrohr AISI [&hellip;]<\/p>\n","protected":false},"author":1,"featured_media":2402,"comment_status":"closed","ping_status":"closed","sticky":false,"template":"","format":"standard","meta":{"inline_featured_image":false,"footnotes":""},"categories":[51],"tags":[],"class_list":["post-2690","post","type-post","status-publish","format-standard","has-post-thumbnail","hentry","category-unkategorisiert"],"yoast_head":"<!-- This site is optimized with the Yoast SEO plugin v25.8 - https:\/\/yoast.com\/wordpress\/plugins\/seo\/ -->\n<title>Neuer Kondensator f\u00fcr R717 - Garc\u00eda C\u00e1mara<\/title>\n<meta name=\"robots\" content=\"index, follow, max-snippet:-1, max-image-preview:large, max-video-preview:-1\" \/>\n<link rel=\"canonical\" href=\"https:\/\/garciacamara.com\/de\/neuer-kondensator-fuer-r717\/\" \/>\n<meta property=\"og:locale\" content=\"de_DE\" \/>\n<meta property=\"og:type\" content=\"article\" \/>\n<meta property=\"og:title\" content=\"Neuer Kondensator f\u00fcr R717 - Garc\u00eda C\u00e1mara\" \/>\n<meta property=\"og:description\" content=\"Unserem gr\u00fcnen Engagement folgend, entwickeln wir hocheffiziente Produkte, die nat\u00fcrliche K\u00e4ltemittel einsetzen, und die vollst\u00e4ndig recycelbar sind. Innerhalb unserer Spezialprodukte, die gem\u00e4\u00df den besonderen Spezifikationen unseres Kunden gefertigt wurden, haben wir den neuesten Kondensator f\u00fcr R717 (Ammoniak) vorgestellt. Technische Eigenschaften: R717 (Ammoniak) f\u00fcr eine Leistung von 275kW mit einem Temperaturdifferential von 10\u00baC. Rostfreies Stahlrohr AISI [&hellip;]\" \/>\n<meta property=\"og:url\" content=\"https:\/\/garciacamara.com\/de\/neuer-kondensator-fuer-r717\/\" \/>\n<meta property=\"og:site_name\" content=\"Garc\u00eda C\u00e1mara\" \/>\n<meta property=\"article:published_time\" content=\"2022-11-30T10:49:38+00:00\" \/>\n<meta property=\"article:modified_time\" content=\"2023-01-31T12:51:23+00:00\" \/>\n<meta property=\"og:image\" content=\"https:\/\/garciacamara.com\/wp-content\/uploads\/2022\/11\/P1000403-1024x352.png\" \/>\n\t<meta property=\"og:image:width\" content=\"1024\" \/>\n\t<meta property=\"og:image:height\" content=\"352\" \/>\n\t<meta property=\"og:image:type\" content=\"image\/png\" \/>\n<meta name=\"author\" content=\"admin\" \/>\n<meta name=\"twitter:card\" content=\"summary_large_image\" \/>\n<meta name=\"twitter:label1\" content=\"Verfasst von\" \/>\n\t<meta name=\"twitter:data1\" content=\"admin\" \/>\n\t<meta name=\"twitter:label2\" content=\"Gesch\u00e4tzte Lesezeit\" \/>\n\t<meta name=\"twitter:data2\" content=\"1\u00a0Minute\" \/>\n<script type=\"application\/ld+json\" class=\"yoast-schema-graph\">{\"@context\":\"https:\/\/schema.org\",\"@graph\":[{\"@type\":\"Article\",\"@id\":\"https:\/\/garciacamara.com\/de\/neuer-kondensator-fuer-r717\/#article\",\"isPartOf\":{\"@id\":\"https:\/\/garciacamara.com\/de\/neuer-kondensator-fuer-r717\/\"},\"author\":{\"name\":\"admin\",\"@id\":\"https:\/\/garciacamara.com\/#\/schema\/person\/aa613a88a23149c6fc92e223afb4ce52\"},\"headline\":\"Neuer Kondensator f\u00fcr R717\",\"datePublished\":\"2022-11-30T10:49:38+00:00\",\"dateModified\":\"2023-01-31T12:51:23+00:00\",\"mainEntityOfPage\":{\"@id\":\"https:\/\/garciacamara.com\/de\/neuer-kondensator-fuer-r717\/\"},\"wordCount\":90,\"publisher\":{\"@id\":\"https:\/\/garciacamara.com\/#organization\"},\"image\":{\"@id\":\"https:\/\/garciacamara.com\/de\/neuer-kondensator-fuer-r717\/#primaryimage\"},\"thumbnailUrl\":\"https:\/\/garciacamara.com\/wp-content\/uploads\/2022\/11\/P1000403.png\",\"articleSection\":[\"Unkategorisiert\"],\"inLanguage\":\"de\"},{\"@type\":\"WebPage\",\"@id\":\"https:\/\/garciacamara.com\/de\/neuer-kondensator-fuer-r717\/\",\"url\":\"https:\/\/garciacamara.com\/de\/neuer-kondensator-fuer-r717\/\",\"name\":\"Neuer Kondensator f\u00fcr R717 - Garc\u00eda C\u00e1mara\",\"isPartOf\":{\"@id\":\"https:\/\/garciacamara.com\/#website\"},\"primaryImageOfPage\":{\"@id\":\"https:\/\/garciacamara.com\/de\/neuer-kondensator-fuer-r717\/#primaryimage\"},\"image\":{\"@id\":\"https:\/\/garciacamara.com\/de\/neuer-kondensator-fuer-r717\/#primaryimage\"},\"thumbnailUrl\":\"https:\/\/garciacamara.com\/wp-content\/uploads\/2022\/11\/P1000403.png\",\"datePublished\":\"2022-11-30T10:49:38+00:00\",\"dateModified\":\"2023-01-31T12:51:23+00:00\",\"breadcrumb\":{\"@id\":\"https:\/\/garciacamara.com\/de\/neuer-kondensator-fuer-r717\/#breadcrumb\"},\"inLanguage\":\"de\",\"potentialAction\":[{\"@type\":\"ReadAction\",\"target\":[\"https:\/\/garciacamara.com\/de\/neuer-kondensator-fuer-r717\/\"]}]},{\"@type\":\"ImageObject\",\"inLanguage\":\"de\",\"@id\":\"https:\/\/garciacamara.com\/de\/neuer-kondensator-fuer-r717\/#primaryimage\",\"url\":\"https:\/\/garciacamara.com\/wp-content\/uploads\/2022\/11\/P1000403.png\",\"contentUrl\":\"https:\/\/garciacamara.com\/wp-content\/uploads\/2022\/11\/P1000403.png\",\"width\":4050,\"height\":1393},{\"@type\":\"BreadcrumbList\",\"@id\":\"https:\/\/garciacamara.com\/de\/neuer-kondensator-fuer-r717\/#breadcrumb\",\"itemListElement\":[{\"@type\":\"ListItem\",\"position\":1,\"name\":\"Home\",\"item\":\"https:\/\/garciacamara.com\/\"},{\"@type\":\"ListItem\",\"position\":2,\"name\":\"Neuer Kondensator f\u00fcr R717\"}]},{\"@type\":\"WebSite\",\"@id\":\"https:\/\/garciacamara.com\/#website\",\"url\":\"https:\/\/garciacamara.com\/\",\"name\":\"Garc\u00eda C\u00e1mara\",\"description\":\"Fabricaci\u00f3n de intercambiadores de calor desde 1942.\",\"publisher\":{\"@id\":\"https:\/\/garciacamara.com\/#organization\"},\"potentialAction\":[{\"@type\":\"SearchAction\",\"target\":{\"@type\":\"EntryPoint\",\"urlTemplate\":\"https:\/\/garciacamara.com\/?s={search_term_string}\"},\"query-input\":{\"@type\":\"PropertyValueSpecification\",\"valueRequired\":true,\"valueName\":\"search_term_string\"}}],\"inLanguage\":\"de\"},{\"@type\":\"Organization\",\"@id\":\"https:\/\/garciacamara.com\/#organization\",\"name\":\"Garc\u00eda C\u00e1mara\",\"url\":\"https:\/\/garciacamara.com\/\",\"logo\":{\"@type\":\"ImageObject\",\"inLanguage\":\"de\",\"@id\":\"https:\/\/garciacamara.com\/#\/schema\/logo\/image\/\",\"url\":\"https:\/\/garciacamara.com\/wp-content\/uploads\/2022\/03\/logo-garcia-camara-gc-4.svg\",\"contentUrl\":\"https:\/\/garciacamara.com\/wp-content\/uploads\/2022\/03\/logo-garcia-camara-gc-4.svg\",\"width\":1,\"height\":1,\"caption\":\"Garc\u00eda C\u00e1mara\"},\"image\":{\"@id\":\"https:\/\/garciacamara.com\/#\/schema\/logo\/image\/\"}},{\"@type\":\"Person\",\"@id\":\"https:\/\/garciacamara.com\/#\/schema\/person\/aa613a88a23149c6fc92e223afb4ce52\",\"name\":\"admin\",\"image\":{\"@type\":\"ImageObject\",\"inLanguage\":\"de\",\"@id\":\"https:\/\/garciacamara.com\/#\/schema\/person\/image\/\",\"url\":\"https:\/\/secure.gravatar.com\/avatar\/36a9315860220403161fb8d1a553e0bfcda20cd072a559fce5b00b50ca98b04a?s=96&d=mm&r=g\",\"contentUrl\":\"https:\/\/secure.gravatar.com\/avatar\/36a9315860220403161fb8d1a553e0bfcda20cd072a559fce5b00b50ca98b04a?s=96&d=mm&r=g\",\"caption\":\"admin\"},\"sameAs\":[\"https:\/\/garciacamara.com\"],\"url\":\"https:\/\/garciacamara.com\/de\/author\/lobby_rtfo0fqw\/\"}]}<\/script>\n<!-- \/ Yoast SEO plugin. -->","yoast_head_json":{"title":"Neuer Kondensator f\u00fcr R717 - Garc\u00eda C\u00e1mara","robots":{"index":"index","follow":"follow","max-snippet":"max-snippet:-1","max-image-preview":"max-image-preview:large","max-video-preview":"max-video-preview:-1"},"canonical":"https:\/\/garciacamara.com\/de\/neuer-kondensator-fuer-r717\/","og_locale":"de_DE","og_type":"article","og_title":"Neuer Kondensator f\u00fcr R717 - Garc\u00eda C\u00e1mara","og_description":"Unserem gr\u00fcnen Engagement folgend, entwickeln wir hocheffiziente Produkte, die nat\u00fcrliche K\u00e4ltemittel einsetzen, und die vollst\u00e4ndig recycelbar sind. Innerhalb unserer Spezialprodukte, die gem\u00e4\u00df den besonderen Spezifikationen unseres Kunden gefertigt wurden, haben wir den neuesten Kondensator f\u00fcr R717 (Ammoniak) vorgestellt. Technische Eigenschaften: R717 (Ammoniak) f\u00fcr eine Leistung von 275kW mit einem Temperaturdifferential von 10\u00baC. Rostfreies Stahlrohr AISI [&hellip;]","og_url":"https:\/\/garciacamara.com\/de\/neuer-kondensator-fuer-r717\/","og_site_name":"Garc\u00eda C\u00e1mara","article_published_time":"2022-11-30T10:49:38+00:00","article_modified_time":"2023-01-31T12:51:23+00:00","og_image":[{"width":1024,"height":352,"url":"https:\/\/garciacamara.com\/wp-content\/uploads\/2022\/11\/P1000403-1024x352.png","type":"image\/png"}],"author":"admin","twitter_card":"summary_large_image","twitter_misc":{"Verfasst von":"admin","Gesch\u00e4tzte Lesezeit":"1\u00a0Minute"},"schema":{"@context":"https:\/\/schema.org","@graph":[{"@type":"Article","@id":"https:\/\/garciacamara.com\/de\/neuer-kondensator-fuer-r717\/#article","isPartOf":{"@id":"https:\/\/garciacamara.com\/de\/neuer-kondensator-fuer-r717\/"},"author":{"name":"admin","@id":"https:\/\/garciacamara.com\/#\/schema\/person\/aa613a88a23149c6fc92e223afb4ce52"},"headline":"Neuer Kondensator f\u00fcr R717","datePublished":"2022-11-30T10:49:38+00:00","dateModified":"2023-01-31T12:51:23+00:00","mainEntityOfPage":{"@id":"https:\/\/garciacamara.com\/de\/neuer-kondensator-fuer-r717\/"},"wordCount":90,"publisher":{"@id":"https:\/\/garciacamara.com\/#organization"},"image":{"@id":"https:\/\/garciacamara.com\/de\/neuer-kondensator-fuer-r717\/#primaryimage"},"thumbnailUrl":"https:\/\/garciacamara.com\/wp-content\/uploads\/2022\/11\/P1000403.png","articleSection":["Unkategorisiert"],"inLanguage":"de"},{"@type":"WebPage","@id":"https:\/\/garciacamara.com\/de\/neuer-kondensator-fuer-r717\/","url":"https:\/\/garciacamara.com\/de\/neuer-kondensator-fuer-r717\/","name":"Neuer Kondensator f\u00fcr R717 - Garc\u00eda C\u00e1mara","isPartOf":{"@id":"https:\/\/garciacamara.com\/#website"},"primaryImageOfPage":{"@id":"https:\/\/garciacamara.com\/de\/neuer-kondensator-fuer-r717\/#primaryimage"},"image":{"@id":"https:\/\/garciacamara.com\/de\/neuer-kondensator-fuer-r717\/#primaryimage"},"thumbnailUrl":"https:\/\/garciacamara.com\/wp-content\/uploads\/2022\/11\/P1000403.png","datePublished":"2022-11-30T10:49:38+00:00","dateModified":"2023-01-31T12:51:23+00:00","breadcrumb":{"@id":"https:\/\/garciacamara.com\/de\/neuer-kondensator-fuer-r717\/#breadcrumb"},"inLanguage":"de","potentialAction":[{"@type":"ReadAction","target":["https:\/\/garciacamara.com\/de\/neuer-kondensator-fuer-r717\/"]}]},{"@type":"ImageObject","inLanguage":"de","@id":"https:\/\/garciacamara.com\/de\/neuer-kondensator-fuer-r717\/#primaryimage","url":"https:\/\/garciacamara.com\/wp-content\/uploads\/2022\/11\/P1000403.png","contentUrl":"https:\/\/garciacamara.com\/wp-content\/uploads\/2022\/11\/P1000403.png","width":4050,"height":1393},{"@type":"BreadcrumbList","@id":"https:\/\/garciacamara.com\/de\/neuer-kondensator-fuer-r717\/#breadcrumb","itemListElement":[{"@type":"ListItem","position":1,"name":"Home","item":"https:\/\/garciacamara.com\/"},{"@type":"ListItem","position":2,"name":"Neuer Kondensator f\u00fcr R717"}]},{"@type":"WebSite","@id":"https:\/\/garciacamara.com\/#website","url":"https:\/\/garciacamara.com\/","name":"Garc\u00eda C\u00e1mara","description":"Fabricaci\u00f3n de intercambiadores de calor desde 1942.","publisher":{"@id":"https:\/\/garciacamara.com\/#organization"},"potentialAction":[{"@type":"SearchAction","target":{"@type":"EntryPoint","urlTemplate":"https:\/\/garciacamara.com\/?s={search_term_string}"},"query-input":{"@type":"PropertyValueSpecification","valueRequired":true,"valueName":"search_term_string"}}],"inLanguage":"de"},{"@type":"Organization","@id":"https:\/\/garciacamara.com\/#organization","name":"Garc\u00eda C\u00e1mara","url":"https:\/\/garciacamara.com\/","logo":{"@type":"ImageObject","inLanguage":"de","@id":"https:\/\/garciacamara.com\/#\/schema\/logo\/image\/","url":"https:\/\/garciacamara.com\/wp-content\/uploads\/2022\/03\/logo-garcia-camara-gc-4.svg","contentUrl":"https:\/\/garciacamara.com\/wp-content\/uploads\/2022\/03\/logo-garcia-camara-gc-4.svg","width":1,"height":1,"caption":"Garc\u00eda C\u00e1mara"},"image":{"@id":"https:\/\/garciacamara.com\/#\/schema\/logo\/image\/"}},{"@type":"Person","@id":"https:\/\/garciacamara.com\/#\/schema\/person\/aa613a88a23149c6fc92e223afb4ce52","name":"admin","image":{"@type":"ImageObject","inLanguage":"de","@id":"https:\/\/garciacamara.com\/#\/schema\/person\/image\/","url":"https:\/\/secure.gravatar.com\/avatar\/36a9315860220403161fb8d1a553e0bfcda20cd072a559fce5b00b50ca98b04a?s=96&d=mm&r=g","contentUrl":"https:\/\/secure.gravatar.com\/avatar\/36a9315860220403161fb8d1a553e0bfcda20cd072a559fce5b00b50ca98b04a?s=96&d=mm&r=g","caption":"admin"},"sameAs":["https:\/\/garciacamara.com"],"url":"https:\/\/garciacamara.com\/de\/author\/lobby_rtfo0fqw\/"}]}},"_links":{"self":[{"href":"https:\/\/garciacamara.com\/de\/wp-json\/wp\/v2\/posts\/2690","targetHints":{"allow":["GET"]}}],"collection":[{"href":"https:\/\/garciacamara.com\/de\/wp-json\/wp\/v2\/posts"}],"about":[{"href":"https:\/\/garciacamara.com\/de\/wp-json\/wp\/v2\/types\/post"}],"author":[{"embeddable":true,"href":"https:\/\/garciacamara.com\/de\/wp-json\/wp\/v2\/users\/1"}],"replies":[{"embeddable":true,"href":"https:\/\/garciacamara.com\/de\/wp-json\/wp\/v2\/comments?post=2690"}],"version-history":[{"count":3,"href":"https:\/\/garciacamara.com\/de\/wp-json\/wp\/v2\/posts\/2690\/revisions"}],"predecessor-version":[{"id":2693,"href":"https:\/\/garciacamara.com\/de\/wp-json\/wp\/v2\/posts\/2690\/revisions\/2693"}],"wp:featuredmedia":[{"embeddable":true,"href":"https:\/\/garciacamara.com\/de\/wp-json\/wp\/v2\/media\/2402"}],"wp:attachment":[{"href":"https:\/\/garciacamara.com\/de\/wp-json\/wp\/v2\/media?parent=2690"}],"wp:term":[{"taxonomy":"category","embeddable":true,"href":"https:\/\/garciacamara.com\/de\/wp-json\/wp\/v2\/categories?post=2690"},{"taxonomy":"post_tag","embeddable":true,"href":"https:\/\/garciacamara.com\/de\/wp-json\/wp\/v2\/tags?post=2690"}],"curies":[{"name":"wp","href":"https:\/\/api.w.org\/{rel}","templated":true}]}}