{"id":2987,"date":"2024-04-23T08:36:40","date_gmt":"2024-04-23T08:36:40","guid":{"rendered":"https:\/\/garciacamara.com\/?p=2987"},"modified":"2024-09-05T11:55:56","modified_gmt":"2024-09-05T11:55:56","slug":"neue-kuehlanlage","status":"publish","type":"post","link":"https:\/\/garciacamara.com\/de\/neue-kuehlanlage\/","title":{"rendered":"NEUE K\u00dcHLANLAGE"},"content":{"rendered":"<p>K\u00fchlinstallation bei TERNEROS 2000 SL des Agrar- und Lebensmittelkonzerns Miguel Vergara, einem Ma\u00dfstab f\u00fcr die Produktion von hochwertigem Rindfleisch.<\/p>\n<p>TODO REFRIGERACI\u00d3N as Engineering und SYSTEMFROST, ein renommierter Installateur f\u00fcr Industriek\u00e4lte, haben eine Anlage mit einem K\u00fchlbedarf von 542 kW bei hoher\/mittlerer Temperatur und 106 kW bei niedriger Temperatur entworfen und ausgef\u00fchrt.<\/p>\n<p>In dieser Branche <strong>wurden 40 von GARC\u00cdA C\u00c1MARA<\/strong> hergestellte Doppelstrom-Luftk\u00fchler aus der EPL-Reihe in Hoch- und Mitteltemperaturbereichen installiert, die mit Ethylenglykol arbeiten.<\/p>\n<p>Zum Einfrieren von <strong>kubischen Verdampfern<\/strong> aus unserer CUBE-Reihe und Wandbatterien vom Typ EM, alle aus AISI304-Edelstahlrohr mit Ammoniak NH3 als Niedertemperaturk\u00e4ltemittel.<\/p>\n<p><img fetchpriority=\"high\" decoding=\"async\" class=\"alignnone size-medium wp-image-2978\" src=\"https:\/\/garciacamara.com\/wp-content\/uploads\/2024\/04\/Foto-3-300x300.jpg\" alt=\"\" width=\"300\" height=\"300\" srcset=\"https:\/\/garciacamara.com\/wp-content\/uploads\/2024\/04\/Foto-3-300x300.jpg 300w, https:\/\/garciacamara.com\/wp-content\/uploads\/2024\/04\/Foto-3-150x150.jpg 150w, https:\/\/garciacamara.com\/wp-content\/uploads\/2024\/04\/Foto-3-768x768.jpg 768w, https:\/\/garciacamara.com\/wp-content\/uploads\/2024\/04\/Foto-3.jpg 960w\" sizes=\"(max-width: 300px) 100vw, 300px\" \/> <img decoding=\"async\" class=\"alignnone size-medium wp-image-2974\" src=\"https:\/\/garciacamara.com\/wp-content\/uploads\/2024\/04\/Foto-2-300x300.jpg\" alt=\"\" width=\"300\" height=\"300\" srcset=\"https:\/\/garciacamara.com\/wp-content\/uploads\/2024\/04\/Foto-2-300x300.jpg 300w, https:\/\/garciacamara.com\/wp-content\/uploads\/2024\/04\/Foto-2-150x150.jpg 150w, https:\/\/garciacamara.com\/wp-content\/uploads\/2024\/04\/Foto-2-768x768.jpg 768w, https:\/\/garciacamara.com\/wp-content\/uploads\/2024\/04\/Foto-2.jpg 960w\" sizes=\"(max-width: 300px) 100vw, 300px\" \/> <img decoding=\"async\" class=\"alignnone size-medium wp-image-2970\" src=\"https:\/\/garciacamara.com\/wp-content\/uploads\/2024\/04\/Foto-1-300x300.jpg\" alt=\"\" width=\"300\" height=\"300\" srcset=\"https:\/\/garciacamara.com\/wp-content\/uploads\/2024\/04\/Foto-1-300x300.jpg 300w, https:\/\/garciacamara.com\/wp-content\/uploads\/2024\/04\/Foto-1-150x150.jpg 150w, https:\/\/garciacamara.com\/wp-content\/uploads\/2024\/04\/Foto-1-768x768.jpg 768w, https:\/\/garciacamara.com\/wp-content\/uploads\/2024\/04\/Foto-1.jpg 960w\" sizes=\"(max-width: 300px) 100vw, 300px\" \/><\/p>\n<p>&nbsp;<\/p>\n","protected":false},"excerpt":{"rendered":"<p>K\u00fchlinstallation bei TERNEROS 2000 SL des Agrar- und Lebensmittelkonzerns Miguel Vergara, einem Ma\u00dfstab f\u00fcr die Produktion von hochwertigem Rindfleisch. TODO REFRIGERACI\u00d3N as Engineering und SYSTEMFROST, ein renommierter Installateur f\u00fcr Industriek\u00e4lte, haben eine Anlage mit einem K\u00fchlbedarf von 542 kW bei hoher\/mittlerer Temperatur und 106 kW bei niedriger Temperatur entworfen und ausgef\u00fchrt. In dieser Branche wurden [&hellip;]<\/p>\n","protected":false},"author":1,"featured_media":2970,"comment_status":"closed","ping_status":"closed","sticky":false,"template":"","format":"standard","meta":{"inline_featured_image":false,"footnotes":""},"categories":[51],"tags":[],"class_list":["post-2987","post","type-post","status-publish","format-standard","has-post-thumbnail","hentry","category-unkategorisiert"],"yoast_head":"<!-- This site is optimized with the Yoast SEO plugin v25.8 - https:\/\/yoast.com\/wordpress\/plugins\/seo\/ -->\n<title>NEUE K\u00dcHLANLAGE - Garc\u00eda C\u00e1mara<\/title>\n<meta name=\"robots\" content=\"index, follow, max-snippet:-1, max-image-preview:large, max-video-preview:-1\" \/>\n<link rel=\"canonical\" href=\"https:\/\/garciacamara.com\/de\/neue-kuehlanlage\/\" \/>\n<meta property=\"og:locale\" content=\"de_DE\" \/>\n<meta property=\"og:type\" content=\"article\" \/>\n<meta property=\"og:title\" content=\"NEUE K\u00dcHLANLAGE - Garc\u00eda C\u00e1mara\" \/>\n<meta property=\"og:description\" content=\"K\u00fchlinstallation bei TERNEROS 2000 SL des Agrar- und Lebensmittelkonzerns Miguel Vergara, einem Ma\u00dfstab f\u00fcr die Produktion von hochwertigem Rindfleisch. TODO REFRIGERACI\u00d3N as Engineering und SYSTEMFROST, ein renommierter Installateur f\u00fcr Industriek\u00e4lte, haben eine Anlage mit einem K\u00fchlbedarf von 542 kW bei hoher\/mittlerer Temperatur und 106 kW bei niedriger Temperatur entworfen und ausgef\u00fchrt. In dieser Branche wurden [&hellip;]\" \/>\n<meta property=\"og:url\" content=\"https:\/\/garciacamara.com\/de\/neue-kuehlanlage\/\" \/>\n<meta property=\"og:site_name\" content=\"Garc\u00eda C\u00e1mara\" \/>\n<meta property=\"article:published_time\" content=\"2024-04-23T08:36:40+00:00\" \/>\n<meta property=\"article:modified_time\" content=\"2024-09-05T11:55:56+00:00\" \/>\n<meta property=\"og:image\" content=\"https:\/\/garciacamara.com\/wp-content\/uploads\/2024\/04\/Foto-1.jpg\" \/>\n\t<meta property=\"og:image:width\" content=\"960\" \/>\n\t<meta property=\"og:image:height\" content=\"960\" \/>\n\t<meta property=\"og:image:type\" content=\"image\/jpeg\" \/>\n<meta name=\"author\" content=\"admin\" \/>\n<meta name=\"twitter:card\" content=\"summary_large_image\" \/>\n<meta name=\"twitter:label1\" content=\"Verfasst von\" \/>\n\t<meta name=\"twitter:data1\" content=\"admin\" \/>\n\t<meta name=\"twitter:label2\" content=\"Gesch\u00e4tzte Lesezeit\" \/>\n\t<meta name=\"twitter:data2\" content=\"1\u00a0Minute\" \/>\n<script type=\"application\/ld+json\" class=\"yoast-schema-graph\">{\"@context\":\"https:\/\/schema.org\",\"@graph\":[{\"@type\":\"Article\",\"@id\":\"https:\/\/garciacamara.com\/de\/neue-kuehlanlage\/#article\",\"isPartOf\":{\"@id\":\"https:\/\/garciacamara.com\/de\/neue-kuehlanlage\/\"},\"author\":{\"name\":\"admin\",\"@id\":\"https:\/\/garciacamara.com\/#\/schema\/person\/aa613a88a23149c6fc92e223afb4ce52\"},\"headline\":\"NEUE K\u00dcHLANLAGE\",\"datePublished\":\"2024-04-23T08:36:40+00:00\",\"dateModified\":\"2024-09-05T11:55:56+00:00\",\"mainEntityOfPage\":{\"@id\":\"https:\/\/garciacamara.com\/de\/neue-kuehlanlage\/\"},\"wordCount\":108,\"publisher\":{\"@id\":\"https:\/\/garciacamara.com\/#organization\"},\"image\":{\"@id\":\"https:\/\/garciacamara.com\/de\/neue-kuehlanlage\/#primaryimage\"},\"thumbnailUrl\":\"https:\/\/garciacamara.com\/wp-content\/uploads\/2024\/04\/Foto-1.jpg\",\"articleSection\":[\"Unkategorisiert\"],\"inLanguage\":\"de\"},{\"@type\":\"WebPage\",\"@id\":\"https:\/\/garciacamara.com\/de\/neue-kuehlanlage\/\",\"url\":\"https:\/\/garciacamara.com\/de\/neue-kuehlanlage\/\",\"name\":\"NEUE K\u00dcHLANLAGE - Garc\u00eda C\u00e1mara\",\"isPartOf\":{\"@id\":\"https:\/\/garciacamara.com\/#website\"},\"primaryImageOfPage\":{\"@id\":\"https:\/\/garciacamara.com\/de\/neue-kuehlanlage\/#primaryimage\"},\"image\":{\"@id\":\"https:\/\/garciacamara.com\/de\/neue-kuehlanlage\/#primaryimage\"},\"thumbnailUrl\":\"https:\/\/garciacamara.com\/wp-content\/uploads\/2024\/04\/Foto-1.jpg\",\"datePublished\":\"2024-04-23T08:36:40+00:00\",\"dateModified\":\"2024-09-05T11:55:56+00:00\",\"breadcrumb\":{\"@id\":\"https:\/\/garciacamara.com\/de\/neue-kuehlanlage\/#breadcrumb\"},\"inLanguage\":\"de\",\"potentialAction\":[{\"@type\":\"ReadAction\",\"target\":[\"https:\/\/garciacamara.com\/de\/neue-kuehlanlage\/\"]}]},{\"@type\":\"ImageObject\",\"inLanguage\":\"de\",\"@id\":\"https:\/\/garciacamara.com\/de\/neue-kuehlanlage\/#primaryimage\",\"url\":\"https:\/\/garciacamara.com\/wp-content\/uploads\/2024\/04\/Foto-1.jpg\",\"contentUrl\":\"https:\/\/garciacamara.com\/wp-content\/uploads\/2024\/04\/Foto-1.jpg\",\"width\":960,\"height\":960},{\"@type\":\"BreadcrumbList\",\"@id\":\"https:\/\/garciacamara.com\/de\/neue-kuehlanlage\/#breadcrumb\",\"itemListElement\":[{\"@type\":\"ListItem\",\"position\":1,\"name\":\"Home\",\"item\":\"https:\/\/garciacamara.com\/\"},{\"@type\":\"ListItem\",\"position\":2,\"name\":\"NEUE K\u00dcHLANLAGE\"}]},{\"@type\":\"WebSite\",\"@id\":\"https:\/\/garciacamara.com\/#website\",\"url\":\"https:\/\/garciacamara.com\/\",\"name\":\"Garc\u00eda C\u00e1mara\",\"description\":\"Fabricaci\u00f3n de intercambiadores de calor desde 1942.\",\"publisher\":{\"@id\":\"https:\/\/garciacamara.com\/#organization\"},\"potentialAction\":[{\"@type\":\"SearchAction\",\"target\":{\"@type\":\"EntryPoint\",\"urlTemplate\":\"https:\/\/garciacamara.com\/?s={search_term_string}\"},\"query-input\":{\"@type\":\"PropertyValueSpecification\",\"valueRequired\":true,\"valueName\":\"search_term_string\"}}],\"inLanguage\":\"de\"},{\"@type\":\"Organization\",\"@id\":\"https:\/\/garciacamara.com\/#organization\",\"name\":\"Garc\u00eda C\u00e1mara\",\"url\":\"https:\/\/garciacamara.com\/\",\"logo\":{\"@type\":\"ImageObject\",\"inLanguage\":\"de\",\"@id\":\"https:\/\/garciacamara.com\/#\/schema\/logo\/image\/\",\"url\":\"https:\/\/garciacamara.com\/wp-content\/uploads\/2022\/03\/logo-garcia-camara-gc-4.svg\",\"contentUrl\":\"https:\/\/garciacamara.com\/wp-content\/uploads\/2022\/03\/logo-garcia-camara-gc-4.svg\",\"width\":1,\"height\":1,\"caption\":\"Garc\u00eda C\u00e1mara\"},\"image\":{\"@id\":\"https:\/\/garciacamara.com\/#\/schema\/logo\/image\/\"}},{\"@type\":\"Person\",\"@id\":\"https:\/\/garciacamara.com\/#\/schema\/person\/aa613a88a23149c6fc92e223afb4ce52\",\"name\":\"admin\",\"image\":{\"@type\":\"ImageObject\",\"inLanguage\":\"de\",\"@id\":\"https:\/\/garciacamara.com\/#\/schema\/person\/image\/\",\"url\":\"https:\/\/secure.gravatar.com\/avatar\/36a9315860220403161fb8d1a553e0bfcda20cd072a559fce5b00b50ca98b04a?s=96&d=mm&r=g\",\"contentUrl\":\"https:\/\/secure.gravatar.com\/avatar\/36a9315860220403161fb8d1a553e0bfcda20cd072a559fce5b00b50ca98b04a?s=96&d=mm&r=g\",\"caption\":\"admin\"},\"sameAs\":[\"https:\/\/garciacamara.com\"],\"url\":\"https:\/\/garciacamara.com\/de\/author\/lobby_rtfo0fqw\/\"}]}<\/script>\n<!-- \/ Yoast SEO plugin. -->","yoast_head_json":{"title":"NEUE K\u00dcHLANLAGE - Garc\u00eda C\u00e1mara","robots":{"index":"index","follow":"follow","max-snippet":"max-snippet:-1","max-image-preview":"max-image-preview:large","max-video-preview":"max-video-preview:-1"},"canonical":"https:\/\/garciacamara.com\/de\/neue-kuehlanlage\/","og_locale":"de_DE","og_type":"article","og_title":"NEUE K\u00dcHLANLAGE - Garc\u00eda C\u00e1mara","og_description":"K\u00fchlinstallation bei TERNEROS 2000 SL des Agrar- und Lebensmittelkonzerns Miguel Vergara, einem Ma\u00dfstab f\u00fcr die Produktion von hochwertigem Rindfleisch. TODO REFRIGERACI\u00d3N as Engineering und SYSTEMFROST, ein renommierter Installateur f\u00fcr Industriek\u00e4lte, haben eine Anlage mit einem K\u00fchlbedarf von 542 kW bei hoher\/mittlerer Temperatur und 106 kW bei niedriger Temperatur entworfen und ausgef\u00fchrt. In dieser Branche wurden [&hellip;]","og_url":"https:\/\/garciacamara.com\/de\/neue-kuehlanlage\/","og_site_name":"Garc\u00eda C\u00e1mara","article_published_time":"2024-04-23T08:36:40+00:00","article_modified_time":"2024-09-05T11:55:56+00:00","og_image":[{"width":960,"height":960,"url":"https:\/\/garciacamara.com\/wp-content\/uploads\/2024\/04\/Foto-1.jpg","type":"image\/jpeg"}],"author":"admin","twitter_card":"summary_large_image","twitter_misc":{"Verfasst von":"admin","Gesch\u00e4tzte Lesezeit":"1\u00a0Minute"},"schema":{"@context":"https:\/\/schema.org","@graph":[{"@type":"Article","@id":"https:\/\/garciacamara.com\/de\/neue-kuehlanlage\/#article","isPartOf":{"@id":"https:\/\/garciacamara.com\/de\/neue-kuehlanlage\/"},"author":{"name":"admin","@id":"https:\/\/garciacamara.com\/#\/schema\/person\/aa613a88a23149c6fc92e223afb4ce52"},"headline":"NEUE K\u00dcHLANLAGE","datePublished":"2024-04-23T08:36:40+00:00","dateModified":"2024-09-05T11:55:56+00:00","mainEntityOfPage":{"@id":"https:\/\/garciacamara.com\/de\/neue-kuehlanlage\/"},"wordCount":108,"publisher":{"@id":"https:\/\/garciacamara.com\/#organization"},"image":{"@id":"https:\/\/garciacamara.com\/de\/neue-kuehlanlage\/#primaryimage"},"thumbnailUrl":"https:\/\/garciacamara.com\/wp-content\/uploads\/2024\/04\/Foto-1.jpg","articleSection":["Unkategorisiert"],"inLanguage":"de"},{"@type":"WebPage","@id":"https:\/\/garciacamara.com\/de\/neue-kuehlanlage\/","url":"https:\/\/garciacamara.com\/de\/neue-kuehlanlage\/","name":"NEUE K\u00dcHLANLAGE - Garc\u00eda C\u00e1mara","isPartOf":{"@id":"https:\/\/garciacamara.com\/#website"},"primaryImageOfPage":{"@id":"https:\/\/garciacamara.com\/de\/neue-kuehlanlage\/#primaryimage"},"image":{"@id":"https:\/\/garciacamara.com\/de\/neue-kuehlanlage\/#primaryimage"},"thumbnailUrl":"https:\/\/garciacamara.com\/wp-content\/uploads\/2024\/04\/Foto-1.jpg","datePublished":"2024-04-23T08:36:40+00:00","dateModified":"2024-09-05T11:55:56+00:00","breadcrumb":{"@id":"https:\/\/garciacamara.com\/de\/neue-kuehlanlage\/#breadcrumb"},"inLanguage":"de","potentialAction":[{"@type":"ReadAction","target":["https:\/\/garciacamara.com\/de\/neue-kuehlanlage\/"]}]},{"@type":"ImageObject","inLanguage":"de","@id":"https:\/\/garciacamara.com\/de\/neue-kuehlanlage\/#primaryimage","url":"https:\/\/garciacamara.com\/wp-content\/uploads\/2024\/04\/Foto-1.jpg","contentUrl":"https:\/\/garciacamara.com\/wp-content\/uploads\/2024\/04\/Foto-1.jpg","width":960,"height":960},{"@type":"BreadcrumbList","@id":"https:\/\/garciacamara.com\/de\/neue-kuehlanlage\/#breadcrumb","itemListElement":[{"@type":"ListItem","position":1,"name":"Home","item":"https:\/\/garciacamara.com\/"},{"@type":"ListItem","position":2,"name":"NEUE K\u00dcHLANLAGE"}]},{"@type":"WebSite","@id":"https:\/\/garciacamara.com\/#website","url":"https:\/\/garciacamara.com\/","name":"Garc\u00eda C\u00e1mara","description":"Fabricaci\u00f3n de intercambiadores de calor desde 1942.","publisher":{"@id":"https:\/\/garciacamara.com\/#organization"},"potentialAction":[{"@type":"SearchAction","target":{"@type":"EntryPoint","urlTemplate":"https:\/\/garciacamara.com\/?s={search_term_string}"},"query-input":{"@type":"PropertyValueSpecification","valueRequired":true,"valueName":"search_term_string"}}],"inLanguage":"de"},{"@type":"Organization","@id":"https:\/\/garciacamara.com\/#organization","name":"Garc\u00eda C\u00e1mara","url":"https:\/\/garciacamara.com\/","logo":{"@type":"ImageObject","inLanguage":"de","@id":"https:\/\/garciacamara.com\/#\/schema\/logo\/image\/","url":"https:\/\/garciacamara.com\/wp-content\/uploads\/2022\/03\/logo-garcia-camara-gc-4.svg","contentUrl":"https:\/\/garciacamara.com\/wp-content\/uploads\/2022\/03\/logo-garcia-camara-gc-4.svg","width":1,"height":1,"caption":"Garc\u00eda C\u00e1mara"},"image":{"@id":"https:\/\/garciacamara.com\/#\/schema\/logo\/image\/"}},{"@type":"Person","@id":"https:\/\/garciacamara.com\/#\/schema\/person\/aa613a88a23149c6fc92e223afb4ce52","name":"admin","image":{"@type":"ImageObject","inLanguage":"de","@id":"https:\/\/garciacamara.com\/#\/schema\/person\/image\/","url":"https:\/\/secure.gravatar.com\/avatar\/36a9315860220403161fb8d1a553e0bfcda20cd072a559fce5b00b50ca98b04a?s=96&d=mm&r=g","contentUrl":"https:\/\/secure.gravatar.com\/avatar\/36a9315860220403161fb8d1a553e0bfcda20cd072a559fce5b00b50ca98b04a?s=96&d=mm&r=g","caption":"admin"},"sameAs":["https:\/\/garciacamara.com"],"url":"https:\/\/garciacamara.com\/de\/author\/lobby_rtfo0fqw\/"}]}},"_links":{"self":[{"href":"https:\/\/garciacamara.com\/de\/wp-json\/wp\/v2\/posts\/2987","targetHints":{"allow":["GET"]}}],"collection":[{"href":"https:\/\/garciacamara.com\/de\/wp-json\/wp\/v2\/posts"}],"about":[{"href":"https:\/\/garciacamara.com\/de\/wp-json\/wp\/v2\/types\/post"}],"author":[{"embeddable":true,"href":"https:\/\/garciacamara.com\/de\/wp-json\/wp\/v2\/users\/1"}],"replies":[{"embeddable":true,"href":"https:\/\/garciacamara.com\/de\/wp-json\/wp\/v2\/comments?post=2987"}],"version-history":[{"count":3,"href":"https:\/\/garciacamara.com\/de\/wp-json\/wp\/v2\/posts\/2987\/revisions"}],"predecessor-version":[{"id":3077,"href":"https:\/\/garciacamara.com\/de\/wp-json\/wp\/v2\/posts\/2987\/revisions\/3077"}],"wp:featuredmedia":[{"embeddable":true,"href":"https:\/\/garciacamara.com\/de\/wp-json\/wp\/v2\/media\/2970"}],"wp:attachment":[{"href":"https:\/\/garciacamara.com\/de\/wp-json\/wp\/v2\/media?parent=2987"}],"wp:term":[{"taxonomy":"category","embeddable":true,"href":"https:\/\/garciacamara.com\/de\/wp-json\/wp\/v2\/categories?post=2987"},{"taxonomy":"post_tag","embeddable":true,"href":"https:\/\/garciacamara.com\/de\/wp-json\/wp\/v2\/tags?post=2987"}],"curies":[{"name":"wp","href":"https:\/\/api.w.org\/{rel}","templated":true}]}}