{"id":3246,"date":"2025-01-28T08:10:17","date_gmt":"2025-01-28T08:10:17","guid":{"rendered":"https:\/\/garciacamara.com\/?p=3246"},"modified":"2025-01-30T07:49:55","modified_gmt":"2025-01-30T07:49:55","slug":"gruenes-engagement-co2-verbrauch","status":"publish","type":"post","link":"https:\/\/garciacamara.com\/de\/gruenes-engagement-co2-verbrauch\/","title":{"rendered":"Gr\u00fcnes Engagement:  CO2-Verbrauch"},"content":{"rendered":"<p>In Sektoren wie der Lebensmittelindustrie ist die Verwendung von CO2 als K\u00e4ltemittel &#8211; Kohlendioxid, auch bekannt als R744 &#8211; mit seinen vielen technologischen Varianten eine langfristige L\u00f6sung, da es ein nat\u00fcrliches K\u00e4ltemittel mit einem minimalen GWP ist.<\/p>\n<p>GC hat sein Angebot an Verdampfern und Verfl\u00fcssigern f\u00fcr den Einsatz von CO2 mit PS45, PS60 und PS80 entwickelt und unterstreicht damit sein Engagement f\u00fcr die Umwelt.<\/p>\n<p>Vorteile von CO2 als K\u00e4ltemittel:<\/p>\n<ul>\n<li><strong>Effizient:<\/strong> Es bietet hohe W\u00e4rme\u00fcbergangskoeffizienten und eine hohe W\u00e4rmeleitf\u00e4higkeit.<\/li>\n<li><strong>Sauber:<\/strong> CO2 ist ein nat\u00fcrliches, sauberes und umweltfreundliches K\u00e4ltemittel.<\/li>\n<li><strong>Sicher:<\/strong> CO2 ist nicht korrosiv, nicht entflammbar und nicht giftig.<\/li>\n<li><strong>Wirtschaftlich:<\/strong> Es ist billig in der Herstellung und damit eine sichere und preiswerte Alternative f\u00fcr die K\u00e4lteerzeugung.<\/li>\n<li><strong>Niedrige Viskosit\u00e4t in Fl\u00fcssigkeits- und Gasleitungen<\/strong>, was die Verwendung kleinerer Rohre erm\u00f6glicht und die Systemkosten minimiert.<\/li>\n<li><strong>Hervorragende K\u00fchleigenschaften:<\/strong> Es bietet eine hohe volumetrische K\u00fchlleistung (6-mal h\u00f6her als R404A), was den Einsatz kleinerer Kompressoren, Komponenten und Rohrleitungen erm\u00f6glicht. Dar\u00fcber hinaus kann es aufgrund seiner konstanten Verdampfungstemperatur mit einer geringeren Temperaturdifferenz in Verdampfern und W\u00e4rmetauschern verwendet werden. Das Ergebnis ist ein wesentlich geringerer Energieverbrauch.<\/li>\n<li><strong>Hohe Dampfdichte:<\/strong> hohe Dampfdichte (700 % im Vergleich zu R134A bei -10 \u00b0C) und hohe Verdampfungsenthalpie (125 % von R134A bei -10 \u00b0C). Das Gef\u00e4lle zwischen Dampfgeschwindigkeit und Fl\u00fcssigphase ist geringer als bei HFKW. Zur Verdampfung von fl\u00fcssigem CO2 wird mehr W\u00e4rmeenergie ben\u00f6tigt (Fl\u00fcssigkeitsabgabe).<\/li>\n<li><strong>Hoher Kaskadenwirkungsgrad:<\/strong> Funktioniert in Kaskadensystemen und erreicht hervorragende Wirkungsgrade und Leistungswerte bei Niedrigtemperatursystemen.<\/li>\n<\/ul>\n<p>Bei GC haben wir uns der Innovation und Nachhaltigkeit verschrieben.<\/p>\n","protected":false},"excerpt":{"rendered":"<p>In Sektoren wie der Lebensmittelindustrie ist die Verwendung von CO2 als K\u00e4ltemittel &#8211; Kohlendioxid, auch bekannt als R744 &#8211; mit seinen vielen technologischen Varianten eine langfristige L\u00f6sung, da es ein nat\u00fcrliches K\u00e4ltemittel mit einem minimalen GWP ist. GC hat sein Angebot an Verdampfern und Verfl\u00fcssigern f\u00fcr den Einsatz von CO2 mit PS45, PS60 und PS80 [&hellip;]<\/p>\n","protected":false},"author":1,"featured_media":3248,"comment_status":"closed","ping_status":"closed","sticky":false,"template":"","format":"standard","meta":{"inline_featured_image":false,"footnotes":""},"categories":[51],"tags":[],"class_list":["post-3246","post","type-post","status-publish","format-standard","has-post-thumbnail","hentry","category-unkategorisiert"],"yoast_head":"<!-- This site is optimized with the Yoast SEO plugin v25.8 - https:\/\/yoast.com\/wordpress\/plugins\/seo\/ -->\n<title>Gr\u00fcnes Engagement: CO2-Verbrauch - Garc\u00eda C\u00e1mara<\/title>\n<meta name=\"robots\" content=\"index, follow, max-snippet:-1, max-image-preview:large, max-video-preview:-1\" \/>\n<link rel=\"canonical\" href=\"https:\/\/garciacamara.com\/de\/gruenes-engagement-co2-verbrauch\/\" \/>\n<meta property=\"og:locale\" content=\"de_DE\" \/>\n<meta property=\"og:type\" content=\"article\" \/>\n<meta property=\"og:title\" content=\"Gr\u00fcnes Engagement: CO2-Verbrauch - Garc\u00eda C\u00e1mara\" \/>\n<meta property=\"og:description\" content=\"In Sektoren wie der Lebensmittelindustrie ist die Verwendung von CO2 als K\u00e4ltemittel &#8211; Kohlendioxid, auch bekannt als R744 &#8211; mit seinen vielen technologischen Varianten eine langfristige L\u00f6sung, da es ein nat\u00fcrliches K\u00e4ltemittel mit einem minimalen GWP ist. GC hat sein Angebot an Verdampfern und Verfl\u00fcssigern f\u00fcr den Einsatz von CO2 mit PS45, PS60 und PS80 [&hellip;]\" \/>\n<meta property=\"og:url\" content=\"https:\/\/garciacamara.com\/de\/gruenes-engagement-co2-verbrauch\/\" \/>\n<meta property=\"og:site_name\" content=\"Garc\u00eda C\u00e1mara\" \/>\n<meta property=\"article:published_time\" content=\"2025-01-28T08:10:17+00:00\" \/>\n<meta property=\"article:modified_time\" content=\"2025-01-30T07:49:55+00:00\" \/>\n<meta property=\"og:image\" content=\"https:\/\/garciacamara.com\/wp-content\/uploads\/2025\/01\/gc-co2.jpg\" \/>\n\t<meta property=\"og:image:width\" content=\"1024\" \/>\n\t<meta property=\"og:image:height\" content=\"1024\" \/>\n\t<meta property=\"og:image:type\" content=\"image\/jpeg\" \/>\n<meta name=\"author\" content=\"admin\" \/>\n<meta name=\"twitter:card\" content=\"summary_large_image\" \/>\n<meta name=\"twitter:label1\" content=\"Verfasst von\" \/>\n\t<meta name=\"twitter:data1\" content=\"admin\" \/>\n\t<meta name=\"twitter:label2\" content=\"Gesch\u00e4tzte Lesezeit\" \/>\n\t<meta name=\"twitter:data2\" content=\"1\u00a0Minute\" \/>\n<script type=\"application\/ld+json\" class=\"yoast-schema-graph\">{\"@context\":\"https:\/\/schema.org\",\"@graph\":[{\"@type\":\"Article\",\"@id\":\"https:\/\/garciacamara.com\/de\/gruenes-engagement-co2-verbrauch\/#article\",\"isPartOf\":{\"@id\":\"https:\/\/garciacamara.com\/de\/gruenes-engagement-co2-verbrauch\/\"},\"author\":{\"name\":\"admin\",\"@id\":\"https:\/\/garciacamara.com\/#\/schema\/person\/aa613a88a23149c6fc92e223afb4ce52\"},\"headline\":\"Gr\u00fcnes Engagement: CO2-Verbrauch\",\"datePublished\":\"2025-01-28T08:10:17+00:00\",\"dateModified\":\"2025-01-30T07:49:55+00:00\",\"mainEntityOfPage\":{\"@id\":\"https:\/\/garciacamara.com\/de\/gruenes-engagement-co2-verbrauch\/\"},\"wordCount\":278,\"publisher\":{\"@id\":\"https:\/\/garciacamara.com\/#organization\"},\"image\":{\"@id\":\"https:\/\/garciacamara.com\/de\/gruenes-engagement-co2-verbrauch\/#primaryimage\"},\"thumbnailUrl\":\"https:\/\/garciacamara.com\/wp-content\/uploads\/2025\/01\/gc-co2.jpg\",\"articleSection\":[\"Unkategorisiert\"],\"inLanguage\":\"de\"},{\"@type\":\"WebPage\",\"@id\":\"https:\/\/garciacamara.com\/de\/gruenes-engagement-co2-verbrauch\/\",\"url\":\"https:\/\/garciacamara.com\/de\/gruenes-engagement-co2-verbrauch\/\",\"name\":\"Gr\u00fcnes Engagement: CO2-Verbrauch - Garc\u00eda C\u00e1mara\",\"isPartOf\":{\"@id\":\"https:\/\/garciacamara.com\/#website\"},\"primaryImageOfPage\":{\"@id\":\"https:\/\/garciacamara.com\/de\/gruenes-engagement-co2-verbrauch\/#primaryimage\"},\"image\":{\"@id\":\"https:\/\/garciacamara.com\/de\/gruenes-engagement-co2-verbrauch\/#primaryimage\"},\"thumbnailUrl\":\"https:\/\/garciacamara.com\/wp-content\/uploads\/2025\/01\/gc-co2.jpg\",\"datePublished\":\"2025-01-28T08:10:17+00:00\",\"dateModified\":\"2025-01-30T07:49:55+00:00\",\"breadcrumb\":{\"@id\":\"https:\/\/garciacamara.com\/de\/gruenes-engagement-co2-verbrauch\/#breadcrumb\"},\"inLanguage\":\"de\",\"potentialAction\":[{\"@type\":\"ReadAction\",\"target\":[\"https:\/\/garciacamara.com\/de\/gruenes-engagement-co2-verbrauch\/\"]}]},{\"@type\":\"ImageObject\",\"inLanguage\":\"de\",\"@id\":\"https:\/\/garciacamara.com\/de\/gruenes-engagement-co2-verbrauch\/#primaryimage\",\"url\":\"https:\/\/garciacamara.com\/wp-content\/uploads\/2025\/01\/gc-co2.jpg\",\"contentUrl\":\"https:\/\/garciacamara.com\/wp-content\/uploads\/2025\/01\/gc-co2.jpg\",\"width\":1024,\"height\":1024},{\"@type\":\"BreadcrumbList\",\"@id\":\"https:\/\/garciacamara.com\/de\/gruenes-engagement-co2-verbrauch\/#breadcrumb\",\"itemListElement\":[{\"@type\":\"ListItem\",\"position\":1,\"name\":\"Home\",\"item\":\"https:\/\/garciacamara.com\/\"},{\"@type\":\"ListItem\",\"position\":2,\"name\":\"Gr\u00fcnes Engagement: CO2-Verbrauch\"}]},{\"@type\":\"WebSite\",\"@id\":\"https:\/\/garciacamara.com\/#website\",\"url\":\"https:\/\/garciacamara.com\/\",\"name\":\"Garc\u00eda C\u00e1mara\",\"description\":\"Fabricaci\u00f3n de intercambiadores de calor desde 1942.\",\"publisher\":{\"@id\":\"https:\/\/garciacamara.com\/#organization\"},\"potentialAction\":[{\"@type\":\"SearchAction\",\"target\":{\"@type\":\"EntryPoint\",\"urlTemplate\":\"https:\/\/garciacamara.com\/?s={search_term_string}\"},\"query-input\":{\"@type\":\"PropertyValueSpecification\",\"valueRequired\":true,\"valueName\":\"search_term_string\"}}],\"inLanguage\":\"de\"},{\"@type\":\"Organization\",\"@id\":\"https:\/\/garciacamara.com\/#organization\",\"name\":\"Garc\u00eda C\u00e1mara\",\"url\":\"https:\/\/garciacamara.com\/\",\"logo\":{\"@type\":\"ImageObject\",\"inLanguage\":\"de\",\"@id\":\"https:\/\/garciacamara.com\/#\/schema\/logo\/image\/\",\"url\":\"https:\/\/garciacamara.com\/wp-content\/uploads\/2022\/03\/logo-garcia-camara-gc-4.svg\",\"contentUrl\":\"https:\/\/garciacamara.com\/wp-content\/uploads\/2022\/03\/logo-garcia-camara-gc-4.svg\",\"width\":1,\"height\":1,\"caption\":\"Garc\u00eda C\u00e1mara\"},\"image\":{\"@id\":\"https:\/\/garciacamara.com\/#\/schema\/logo\/image\/\"}},{\"@type\":\"Person\",\"@id\":\"https:\/\/garciacamara.com\/#\/schema\/person\/aa613a88a23149c6fc92e223afb4ce52\",\"name\":\"admin\",\"image\":{\"@type\":\"ImageObject\",\"inLanguage\":\"de\",\"@id\":\"https:\/\/garciacamara.com\/#\/schema\/person\/image\/\",\"url\":\"https:\/\/secure.gravatar.com\/avatar\/36a9315860220403161fb8d1a553e0bfcda20cd072a559fce5b00b50ca98b04a?s=96&d=mm&r=g\",\"contentUrl\":\"https:\/\/secure.gravatar.com\/avatar\/36a9315860220403161fb8d1a553e0bfcda20cd072a559fce5b00b50ca98b04a?s=96&d=mm&r=g\",\"caption\":\"admin\"},\"sameAs\":[\"https:\/\/garciacamara.com\"],\"url\":\"https:\/\/garciacamara.com\/de\/author\/lobby_rtfo0fqw\/\"}]}<\/script>\n<!-- \/ Yoast SEO plugin. -->","yoast_head_json":{"title":"Gr\u00fcnes Engagement: CO2-Verbrauch - Garc\u00eda C\u00e1mara","robots":{"index":"index","follow":"follow","max-snippet":"max-snippet:-1","max-image-preview":"max-image-preview:large","max-video-preview":"max-video-preview:-1"},"canonical":"https:\/\/garciacamara.com\/de\/gruenes-engagement-co2-verbrauch\/","og_locale":"de_DE","og_type":"article","og_title":"Gr\u00fcnes Engagement: CO2-Verbrauch - Garc\u00eda C\u00e1mara","og_description":"In Sektoren wie der Lebensmittelindustrie ist die Verwendung von CO2 als K\u00e4ltemittel &#8211; Kohlendioxid, auch bekannt als R744 &#8211; mit seinen vielen technologischen Varianten eine langfristige L\u00f6sung, da es ein nat\u00fcrliches K\u00e4ltemittel mit einem minimalen GWP ist. GC hat sein Angebot an Verdampfern und Verfl\u00fcssigern f\u00fcr den Einsatz von CO2 mit PS45, PS60 und PS80 [&hellip;]","og_url":"https:\/\/garciacamara.com\/de\/gruenes-engagement-co2-verbrauch\/","og_site_name":"Garc\u00eda C\u00e1mara","article_published_time":"2025-01-28T08:10:17+00:00","article_modified_time":"2025-01-30T07:49:55+00:00","og_image":[{"width":1024,"height":1024,"url":"https:\/\/garciacamara.com\/wp-content\/uploads\/2025\/01\/gc-co2.jpg","type":"image\/jpeg"}],"author":"admin","twitter_card":"summary_large_image","twitter_misc":{"Verfasst von":"admin","Gesch\u00e4tzte Lesezeit":"1\u00a0Minute"},"schema":{"@context":"https:\/\/schema.org","@graph":[{"@type":"Article","@id":"https:\/\/garciacamara.com\/de\/gruenes-engagement-co2-verbrauch\/#article","isPartOf":{"@id":"https:\/\/garciacamara.com\/de\/gruenes-engagement-co2-verbrauch\/"},"author":{"name":"admin","@id":"https:\/\/garciacamara.com\/#\/schema\/person\/aa613a88a23149c6fc92e223afb4ce52"},"headline":"Gr\u00fcnes Engagement: CO2-Verbrauch","datePublished":"2025-01-28T08:10:17+00:00","dateModified":"2025-01-30T07:49:55+00:00","mainEntityOfPage":{"@id":"https:\/\/garciacamara.com\/de\/gruenes-engagement-co2-verbrauch\/"},"wordCount":278,"publisher":{"@id":"https:\/\/garciacamara.com\/#organization"},"image":{"@id":"https:\/\/garciacamara.com\/de\/gruenes-engagement-co2-verbrauch\/#primaryimage"},"thumbnailUrl":"https:\/\/garciacamara.com\/wp-content\/uploads\/2025\/01\/gc-co2.jpg","articleSection":["Unkategorisiert"],"inLanguage":"de"},{"@type":"WebPage","@id":"https:\/\/garciacamara.com\/de\/gruenes-engagement-co2-verbrauch\/","url":"https:\/\/garciacamara.com\/de\/gruenes-engagement-co2-verbrauch\/","name":"Gr\u00fcnes Engagement: CO2-Verbrauch - Garc\u00eda C\u00e1mara","isPartOf":{"@id":"https:\/\/garciacamara.com\/#website"},"primaryImageOfPage":{"@id":"https:\/\/garciacamara.com\/de\/gruenes-engagement-co2-verbrauch\/#primaryimage"},"image":{"@id":"https:\/\/garciacamara.com\/de\/gruenes-engagement-co2-verbrauch\/#primaryimage"},"thumbnailUrl":"https:\/\/garciacamara.com\/wp-content\/uploads\/2025\/01\/gc-co2.jpg","datePublished":"2025-01-28T08:10:17+00:00","dateModified":"2025-01-30T07:49:55+00:00","breadcrumb":{"@id":"https:\/\/garciacamara.com\/de\/gruenes-engagement-co2-verbrauch\/#breadcrumb"},"inLanguage":"de","potentialAction":[{"@type":"ReadAction","target":["https:\/\/garciacamara.com\/de\/gruenes-engagement-co2-verbrauch\/"]}]},{"@type":"ImageObject","inLanguage":"de","@id":"https:\/\/garciacamara.com\/de\/gruenes-engagement-co2-verbrauch\/#primaryimage","url":"https:\/\/garciacamara.com\/wp-content\/uploads\/2025\/01\/gc-co2.jpg","contentUrl":"https:\/\/garciacamara.com\/wp-content\/uploads\/2025\/01\/gc-co2.jpg","width":1024,"height":1024},{"@type":"BreadcrumbList","@id":"https:\/\/garciacamara.com\/de\/gruenes-engagement-co2-verbrauch\/#breadcrumb","itemListElement":[{"@type":"ListItem","position":1,"name":"Home","item":"https:\/\/garciacamara.com\/"},{"@type":"ListItem","position":2,"name":"Gr\u00fcnes Engagement: CO2-Verbrauch"}]},{"@type":"WebSite","@id":"https:\/\/garciacamara.com\/#website","url":"https:\/\/garciacamara.com\/","name":"Garc\u00eda C\u00e1mara","description":"Fabricaci\u00f3n de intercambiadores de calor desde 1942.","publisher":{"@id":"https:\/\/garciacamara.com\/#organization"},"potentialAction":[{"@type":"SearchAction","target":{"@type":"EntryPoint","urlTemplate":"https:\/\/garciacamara.com\/?s={search_term_string}"},"query-input":{"@type":"PropertyValueSpecification","valueRequired":true,"valueName":"search_term_string"}}],"inLanguage":"de"},{"@type":"Organization","@id":"https:\/\/garciacamara.com\/#organization","name":"Garc\u00eda C\u00e1mara","url":"https:\/\/garciacamara.com\/","logo":{"@type":"ImageObject","inLanguage":"de","@id":"https:\/\/garciacamara.com\/#\/schema\/logo\/image\/","url":"https:\/\/garciacamara.com\/wp-content\/uploads\/2022\/03\/logo-garcia-camara-gc-4.svg","contentUrl":"https:\/\/garciacamara.com\/wp-content\/uploads\/2022\/03\/logo-garcia-camara-gc-4.svg","width":1,"height":1,"caption":"Garc\u00eda C\u00e1mara"},"image":{"@id":"https:\/\/garciacamara.com\/#\/schema\/logo\/image\/"}},{"@type":"Person","@id":"https:\/\/garciacamara.com\/#\/schema\/person\/aa613a88a23149c6fc92e223afb4ce52","name":"admin","image":{"@type":"ImageObject","inLanguage":"de","@id":"https:\/\/garciacamara.com\/#\/schema\/person\/image\/","url":"https:\/\/secure.gravatar.com\/avatar\/36a9315860220403161fb8d1a553e0bfcda20cd072a559fce5b00b50ca98b04a?s=96&d=mm&r=g","contentUrl":"https:\/\/secure.gravatar.com\/avatar\/36a9315860220403161fb8d1a553e0bfcda20cd072a559fce5b00b50ca98b04a?s=96&d=mm&r=g","caption":"admin"},"sameAs":["https:\/\/garciacamara.com"],"url":"https:\/\/garciacamara.com\/de\/author\/lobby_rtfo0fqw\/"}]}},"_links":{"self":[{"href":"https:\/\/garciacamara.com\/de\/wp-json\/wp\/v2\/posts\/3246","targetHints":{"allow":["GET"]}}],"collection":[{"href":"https:\/\/garciacamara.com\/de\/wp-json\/wp\/v2\/posts"}],"about":[{"href":"https:\/\/garciacamara.com\/de\/wp-json\/wp\/v2\/types\/post"}],"author":[{"embeddable":true,"href":"https:\/\/garciacamara.com\/de\/wp-json\/wp\/v2\/users\/1"}],"replies":[{"embeddable":true,"href":"https:\/\/garciacamara.com\/de\/wp-json\/wp\/v2\/comments?post=3246"}],"version-history":[{"count":3,"href":"https:\/\/garciacamara.com\/de\/wp-json\/wp\/v2\/posts\/3246\/revisions"}],"predecessor-version":[{"id":3264,"href":"https:\/\/garciacamara.com\/de\/wp-json\/wp\/v2\/posts\/3246\/revisions\/3264"}],"wp:featuredmedia":[{"embeddable":true,"href":"https:\/\/garciacamara.com\/de\/wp-json\/wp\/v2\/media\/3248"}],"wp:attachment":[{"href":"https:\/\/garciacamara.com\/de\/wp-json\/wp\/v2\/media?parent=3246"}],"wp:term":[{"taxonomy":"category","embeddable":true,"href":"https:\/\/garciacamara.com\/de\/wp-json\/wp\/v2\/categories?post=3246"},{"taxonomy":"post_tag","embeddable":true,"href":"https:\/\/garciacamara.com\/de\/wp-json\/wp\/v2\/tags?post=3246"}],"curies":[{"name":"wp","href":"https:\/\/api.w.org\/{rel}","templated":true}]}}