{"id":1953,"date":"2022-10-11T14:11:06","date_gmt":"2022-10-11T14:11:06","guid":{"rendered":"https:\/\/garciacamara.com\/?p=1953"},"modified":"2022-10-11T14:22:34","modified_gmt":"2022-10-11T14:22:34","slug":"chillventa-2022","status":"publish","type":"post","link":"https:\/\/garciacamara.com\/en\/chillventa-2022\/","title":{"rendered":"Garc\u00eda C\u00e1mara at Chillventa 2022"},"content":{"rendered":"\n<p>We have once again attended as exhibitors at the Chillventa trade fair, one of the most important events in the refrigeration, air conditioning, ventilation and heat pump technology industry worldwide. It took place on 11, 12 and 13 October in N\u00fcrenberg, Germany. We presented our products, tube and fin heat exchangers for the refrigeration industry. Thank you for visiting us and we hope to see you soon.<\/p>\n\n\n\n<figure class=\"wp-block-image size-large\"><img fetchpriority=\"high\" decoding=\"async\" width=\"1024\" height=\"768\" src=\"https:\/\/garciacamara.com\/wp-content\/uploads\/2022\/10\/foto-chillventa-2-1024x768.jpg\" alt=\"\" class=\"wp-image-1955\" srcset=\"https:\/\/garciacamara.com\/wp-content\/uploads\/2022\/10\/foto-chillventa-2-1024x768.jpg 1024w, https:\/\/garciacamara.com\/wp-content\/uploads\/2022\/10\/foto-chillventa-2-300x225.jpg 300w, https:\/\/garciacamara.com\/wp-content\/uploads\/2022\/10\/foto-chillventa-2-768x576.jpg 768w, https:\/\/garciacamara.com\/wp-content\/uploads\/2022\/10\/foto-chillventa-2-1536x1152.jpg 1536w, https:\/\/garciacamara.com\/wp-content\/uploads\/2022\/10\/foto-chillventa-2-2048x1536.jpg 2048w\" sizes=\"(max-width: 1024px) 100vw, 1024px\" \/><\/figure>\n","protected":false},"excerpt":{"rendered":"<p>We have once again attended as exhibitors at the Chillventa trade fair, one of the most important events in the refrigeration, air conditioning, ventilation and heat pump technology industry worldwide. It took place on 11, 12 and 13 October in N\u00fcrenberg, Germany. We presented our products, tube and fin heat exchangers for the refrigeration industry. [&hellip;]<\/p>\n","protected":false},"author":1,"featured_media":1958,"comment_status":"closed","ping_status":"closed","sticky":false,"template":"","format":"standard","meta":{"inline_featured_image":false,"footnotes":""},"categories":[1],"tags":[],"class_list":["post-1953","post","type-post","status-publish","format-standard","has-post-thumbnail","hentry","category-sin-categorizar"],"yoast_head":"<!-- This site is optimized with the Yoast SEO plugin v25.8 - https:\/\/yoast.com\/wordpress\/plugins\/seo\/ -->\n<title>Garc\u00eda C\u00e1mara at Chillventa 2022 - Garc\u00eda C\u00e1mara<\/title>\n<meta name=\"description\" content=\"Garc\u00eda C\u00e1mara has once again attended as exhibitors at the Chillventa trade fair.\" \/>\n<meta name=\"robots\" content=\"index, follow, max-snippet:-1, max-image-preview:large, max-video-preview:-1\" \/>\n<link rel=\"canonical\" href=\"https:\/\/garciacamara.com\/en\/chillventa-2022\/\" \/>\n<meta property=\"og:locale\" content=\"en_US\" \/>\n<meta property=\"og:type\" content=\"article\" \/>\n<meta property=\"og:title\" content=\"Garc\u00eda C\u00e1mara at Chillventa 2022 - Garc\u00eda C\u00e1mara\" \/>\n<meta property=\"og:description\" content=\"Garc\u00eda C\u00e1mara has once again attended as exhibitors at the Chillventa trade fair.\" \/>\n<meta property=\"og:url\" content=\"https:\/\/garciacamara.com\/en\/chillventa-2022\/\" \/>\n<meta property=\"og:site_name\" content=\"Garc\u00eda C\u00e1mara\" \/>\n<meta property=\"article:published_time\" content=\"2022-10-11T14:11:06+00:00\" \/>\n<meta property=\"article:modified_time\" content=\"2022-10-11T14:22:34+00:00\" \/>\n<meta property=\"og:image\" content=\"https:\/\/garciacamara.com\/wp-content\/uploads\/2022\/10\/foto-chillventa-scaled.jpg\" \/>\n\t<meta property=\"og:image:width\" content=\"2560\" \/>\n\t<meta property=\"og:image:height\" content=\"1920\" \/>\n\t<meta property=\"og:image:type\" content=\"image\/jpeg\" \/>\n<meta name=\"author\" content=\"admin\" \/>\n<meta name=\"twitter:card\" content=\"summary_large_image\" \/>\n<meta name=\"twitter:label1\" content=\"Written by\" \/>\n\t<meta name=\"twitter:data1\" content=\"admin\" \/>\n\t<meta name=\"twitter:label2\" content=\"Est. reading time\" \/>\n\t<meta name=\"twitter:data2\" content=\"1 minute\" \/>\n<script type=\"application\/ld+json\" class=\"yoast-schema-graph\">{\"@context\":\"https:\/\/schema.org\",\"@graph\":[{\"@type\":\"Article\",\"@id\":\"https:\/\/garciacamara.com\/en\/chillventa-2022\/#article\",\"isPartOf\":{\"@id\":\"https:\/\/garciacamara.com\/en\/chillventa-2022\/\"},\"author\":{\"name\":\"admin\",\"@id\":\"https:\/\/garciacamara.com\/#\/schema\/person\/aa613a88a23149c6fc92e223afb4ce52\"},\"headline\":\"Garc\u00eda C\u00e1mara at Chillventa 2022\",\"datePublished\":\"2022-10-11T14:11:06+00:00\",\"dateModified\":\"2022-10-11T14:22:34+00:00\",\"mainEntityOfPage\":{\"@id\":\"https:\/\/garciacamara.com\/en\/chillventa-2022\/\"},\"wordCount\":71,\"publisher\":{\"@id\":\"https:\/\/garciacamara.com\/#organization\"},\"image\":{\"@id\":\"https:\/\/garciacamara.com\/en\/chillventa-2022\/#primaryimage\"},\"thumbnailUrl\":\"https:\/\/garciacamara.com\/wp-content\/uploads\/2022\/10\/foto-chillventa-scaled.jpg\",\"articleSection\":[\"Sin categorizar\"],\"inLanguage\":\"en-US\"},{\"@type\":\"WebPage\",\"@id\":\"https:\/\/garciacamara.com\/en\/chillventa-2022\/\",\"url\":\"https:\/\/garciacamara.com\/en\/chillventa-2022\/\",\"name\":\"Garc\u00eda C\u00e1mara at Chillventa 2022 - Garc\u00eda C\u00e1mara\",\"isPartOf\":{\"@id\":\"https:\/\/garciacamara.com\/#website\"},\"primaryImageOfPage\":{\"@id\":\"https:\/\/garciacamara.com\/en\/chillventa-2022\/#primaryimage\"},\"image\":{\"@id\":\"https:\/\/garciacamara.com\/en\/chillventa-2022\/#primaryimage\"},\"thumbnailUrl\":\"https:\/\/garciacamara.com\/wp-content\/uploads\/2022\/10\/foto-chillventa-scaled.jpg\",\"datePublished\":\"2022-10-11T14:11:06+00:00\",\"dateModified\":\"2022-10-11T14:22:34+00:00\",\"description\":\"Garc\u00eda C\u00e1mara has once again attended as exhibitors at the Chillventa trade fair.\",\"breadcrumb\":{\"@id\":\"https:\/\/garciacamara.com\/en\/chillventa-2022\/#breadcrumb\"},\"inLanguage\":\"en-US\",\"potentialAction\":[{\"@type\":\"ReadAction\",\"target\":[\"https:\/\/garciacamara.com\/en\/chillventa-2022\/\"]}]},{\"@type\":\"ImageObject\",\"inLanguage\":\"en-US\",\"@id\":\"https:\/\/garciacamara.com\/en\/chillventa-2022\/#primaryimage\",\"url\":\"https:\/\/garciacamara.com\/wp-content\/uploads\/2022\/10\/foto-chillventa-scaled.jpg\",\"contentUrl\":\"https:\/\/garciacamara.com\/wp-content\/uploads\/2022\/10\/foto-chillventa-scaled.jpg\",\"width\":2560,\"height\":1920},{\"@type\":\"BreadcrumbList\",\"@id\":\"https:\/\/garciacamara.com\/en\/chillventa-2022\/#breadcrumb\",\"itemListElement\":[{\"@type\":\"ListItem\",\"position\":1,\"name\":\"Home\",\"item\":\"https:\/\/garciacamara.com\/\"},{\"@type\":\"ListItem\",\"position\":2,\"name\":\"Garc\u00eda C\u00e1mara at Chillventa 2022\"}]},{\"@type\":\"WebSite\",\"@id\":\"https:\/\/garciacamara.com\/#website\",\"url\":\"https:\/\/garciacamara.com\/\",\"name\":\"Garc\u00eda C\u00e1mara\",\"description\":\"Fabricaci\u00f3n de intercambiadores de calor desde 1942.\",\"publisher\":{\"@id\":\"https:\/\/garciacamara.com\/#organization\"},\"potentialAction\":[{\"@type\":\"SearchAction\",\"target\":{\"@type\":\"EntryPoint\",\"urlTemplate\":\"https:\/\/garciacamara.com\/?s={search_term_string}\"},\"query-input\":{\"@type\":\"PropertyValueSpecification\",\"valueRequired\":true,\"valueName\":\"search_term_string\"}}],\"inLanguage\":\"en-US\"},{\"@type\":\"Organization\",\"@id\":\"https:\/\/garciacamara.com\/#organization\",\"name\":\"Garc\u00eda C\u00e1mara\",\"url\":\"https:\/\/garciacamara.com\/\",\"logo\":{\"@type\":\"ImageObject\",\"inLanguage\":\"en-US\",\"@id\":\"https:\/\/garciacamara.com\/#\/schema\/logo\/image\/\",\"url\":\"https:\/\/garciacamara.com\/wp-content\/uploads\/2022\/03\/logo-garcia-camara-gc-4.svg\",\"contentUrl\":\"https:\/\/garciacamara.com\/wp-content\/uploads\/2022\/03\/logo-garcia-camara-gc-4.svg\",\"width\":1,\"height\":1,\"caption\":\"Garc\u00eda C\u00e1mara\"},\"image\":{\"@id\":\"https:\/\/garciacamara.com\/#\/schema\/logo\/image\/\"}},{\"@type\":\"Person\",\"@id\":\"https:\/\/garciacamara.com\/#\/schema\/person\/aa613a88a23149c6fc92e223afb4ce52\",\"name\":\"admin\",\"image\":{\"@type\":\"ImageObject\",\"inLanguage\":\"en-US\",\"@id\":\"https:\/\/garciacamara.com\/#\/schema\/person\/image\/\",\"url\":\"https:\/\/secure.gravatar.com\/avatar\/36a9315860220403161fb8d1a553e0bfcda20cd072a559fce5b00b50ca98b04a?s=96&d=mm&r=g\",\"contentUrl\":\"https:\/\/secure.gravatar.com\/avatar\/36a9315860220403161fb8d1a553e0bfcda20cd072a559fce5b00b50ca98b04a?s=96&d=mm&r=g\",\"caption\":\"admin\"},\"sameAs\":[\"https:\/\/garciacamara.com\"],\"url\":\"https:\/\/garciacamara.com\/en\/author\/lobby_rtfo0fqw\/\"}]}<\/script>\n<!-- \/ Yoast SEO plugin. -->","yoast_head_json":{"title":"Garc\u00eda C\u00e1mara at Chillventa 2022 - Garc\u00eda C\u00e1mara","description":"Garc\u00eda C\u00e1mara has once again attended as exhibitors at the Chillventa trade fair.","robots":{"index":"index","follow":"follow","max-snippet":"max-snippet:-1","max-image-preview":"max-image-preview:large","max-video-preview":"max-video-preview:-1"},"canonical":"https:\/\/garciacamara.com\/en\/chillventa-2022\/","og_locale":"en_US","og_type":"article","og_title":"Garc\u00eda C\u00e1mara at Chillventa 2022 - Garc\u00eda C\u00e1mara","og_description":"Garc\u00eda C\u00e1mara has once again attended as exhibitors at the Chillventa trade fair.","og_url":"https:\/\/garciacamara.com\/en\/chillventa-2022\/","og_site_name":"Garc\u00eda C\u00e1mara","article_published_time":"2022-10-11T14:11:06+00:00","article_modified_time":"2022-10-11T14:22:34+00:00","og_image":[{"width":2560,"height":1920,"url":"https:\/\/garciacamara.com\/wp-content\/uploads\/2022\/10\/foto-chillventa-scaled.jpg","type":"image\/jpeg"}],"author":"admin","twitter_card":"summary_large_image","twitter_misc":{"Written by":"admin","Est. reading time":"1 minute"},"schema":{"@context":"https:\/\/schema.org","@graph":[{"@type":"Article","@id":"https:\/\/garciacamara.com\/en\/chillventa-2022\/#article","isPartOf":{"@id":"https:\/\/garciacamara.com\/en\/chillventa-2022\/"},"author":{"name":"admin","@id":"https:\/\/garciacamara.com\/#\/schema\/person\/aa613a88a23149c6fc92e223afb4ce52"},"headline":"Garc\u00eda C\u00e1mara at Chillventa 2022","datePublished":"2022-10-11T14:11:06+00:00","dateModified":"2022-10-11T14:22:34+00:00","mainEntityOfPage":{"@id":"https:\/\/garciacamara.com\/en\/chillventa-2022\/"},"wordCount":71,"publisher":{"@id":"https:\/\/garciacamara.com\/#organization"},"image":{"@id":"https:\/\/garciacamara.com\/en\/chillventa-2022\/#primaryimage"},"thumbnailUrl":"https:\/\/garciacamara.com\/wp-content\/uploads\/2022\/10\/foto-chillventa-scaled.jpg","articleSection":["Sin categorizar"],"inLanguage":"en-US"},{"@type":"WebPage","@id":"https:\/\/garciacamara.com\/en\/chillventa-2022\/","url":"https:\/\/garciacamara.com\/en\/chillventa-2022\/","name":"Garc\u00eda C\u00e1mara at Chillventa 2022 - Garc\u00eda C\u00e1mara","isPartOf":{"@id":"https:\/\/garciacamara.com\/#website"},"primaryImageOfPage":{"@id":"https:\/\/garciacamara.com\/en\/chillventa-2022\/#primaryimage"},"image":{"@id":"https:\/\/garciacamara.com\/en\/chillventa-2022\/#primaryimage"},"thumbnailUrl":"https:\/\/garciacamara.com\/wp-content\/uploads\/2022\/10\/foto-chillventa-scaled.jpg","datePublished":"2022-10-11T14:11:06+00:00","dateModified":"2022-10-11T14:22:34+00:00","description":"Garc\u00eda C\u00e1mara has once again attended as exhibitors at the Chillventa trade fair.","breadcrumb":{"@id":"https:\/\/garciacamara.com\/en\/chillventa-2022\/#breadcrumb"},"inLanguage":"en-US","potentialAction":[{"@type":"ReadAction","target":["https:\/\/garciacamara.com\/en\/chillventa-2022\/"]}]},{"@type":"ImageObject","inLanguage":"en-US","@id":"https:\/\/garciacamara.com\/en\/chillventa-2022\/#primaryimage","url":"https:\/\/garciacamara.com\/wp-content\/uploads\/2022\/10\/foto-chillventa-scaled.jpg","contentUrl":"https:\/\/garciacamara.com\/wp-content\/uploads\/2022\/10\/foto-chillventa-scaled.jpg","width":2560,"height":1920},{"@type":"BreadcrumbList","@id":"https:\/\/garciacamara.com\/en\/chillventa-2022\/#breadcrumb","itemListElement":[{"@type":"ListItem","position":1,"name":"Home","item":"https:\/\/garciacamara.com\/"},{"@type":"ListItem","position":2,"name":"Garc\u00eda C\u00e1mara at Chillventa 2022"}]},{"@type":"WebSite","@id":"https:\/\/garciacamara.com\/#website","url":"https:\/\/garciacamara.com\/","name":"Garc\u00eda C\u00e1mara","description":"Fabricaci\u00f3n de intercambiadores de calor desde 1942.","publisher":{"@id":"https:\/\/garciacamara.com\/#organization"},"potentialAction":[{"@type":"SearchAction","target":{"@type":"EntryPoint","urlTemplate":"https:\/\/garciacamara.com\/?s={search_term_string}"},"query-input":{"@type":"PropertyValueSpecification","valueRequired":true,"valueName":"search_term_string"}}],"inLanguage":"en-US"},{"@type":"Organization","@id":"https:\/\/garciacamara.com\/#organization","name":"Garc\u00eda C\u00e1mara","url":"https:\/\/garciacamara.com\/","logo":{"@type":"ImageObject","inLanguage":"en-US","@id":"https:\/\/garciacamara.com\/#\/schema\/logo\/image\/","url":"https:\/\/garciacamara.com\/wp-content\/uploads\/2022\/03\/logo-garcia-camara-gc-4.svg","contentUrl":"https:\/\/garciacamara.com\/wp-content\/uploads\/2022\/03\/logo-garcia-camara-gc-4.svg","width":1,"height":1,"caption":"Garc\u00eda C\u00e1mara"},"image":{"@id":"https:\/\/garciacamara.com\/#\/schema\/logo\/image\/"}},{"@type":"Person","@id":"https:\/\/garciacamara.com\/#\/schema\/person\/aa613a88a23149c6fc92e223afb4ce52","name":"admin","image":{"@type":"ImageObject","inLanguage":"en-US","@id":"https:\/\/garciacamara.com\/#\/schema\/person\/image\/","url":"https:\/\/secure.gravatar.com\/avatar\/36a9315860220403161fb8d1a553e0bfcda20cd072a559fce5b00b50ca98b04a?s=96&d=mm&r=g","contentUrl":"https:\/\/secure.gravatar.com\/avatar\/36a9315860220403161fb8d1a553e0bfcda20cd072a559fce5b00b50ca98b04a?s=96&d=mm&r=g","caption":"admin"},"sameAs":["https:\/\/garciacamara.com"],"url":"https:\/\/garciacamara.com\/en\/author\/lobby_rtfo0fqw\/"}]}},"_links":{"self":[{"href":"https:\/\/garciacamara.com\/en\/wp-json\/wp\/v2\/posts\/1953","targetHints":{"allow":["GET"]}}],"collection":[{"href":"https:\/\/garciacamara.com\/en\/wp-json\/wp\/v2\/posts"}],"about":[{"href":"https:\/\/garciacamara.com\/en\/wp-json\/wp\/v2\/types\/post"}],"author":[{"embeddable":true,"href":"https:\/\/garciacamara.com\/en\/wp-json\/wp\/v2\/users\/1"}],"replies":[{"embeddable":true,"href":"https:\/\/garciacamara.com\/en\/wp-json\/wp\/v2\/comments?post=1953"}],"version-history":[{"count":2,"href":"https:\/\/garciacamara.com\/en\/wp-json\/wp\/v2\/posts\/1953\/revisions"}],"predecessor-version":[{"id":1964,"href":"https:\/\/garciacamara.com\/en\/wp-json\/wp\/v2\/posts\/1953\/revisions\/1964"}],"wp:featuredmedia":[{"embeddable":true,"href":"https:\/\/garciacamara.com\/en\/wp-json\/wp\/v2\/media\/1958"}],"wp:attachment":[{"href":"https:\/\/garciacamara.com\/en\/wp-json\/wp\/v2\/media?parent=1953"}],"wp:term":[{"taxonomy":"category","embeddable":true,"href":"https:\/\/garciacamara.com\/en\/wp-json\/wp\/v2\/categories?post=1953"},{"taxonomy":"post_tag","embeddable":true,"href":"https:\/\/garciacamara.com\/en\/wp-json\/wp\/v2\/tags?post=1953"}],"curies":[{"name":"wp","href":"https:\/\/api.w.org\/{rel}","templated":true}]}}