{"id":2409,"date":"2022-11-30T10:49:38","date_gmt":"2022-11-30T10:49:38","guid":{"rendered":"https:\/\/garciacamara.com\/?p=2409"},"modified":"2022-11-30T10:49:39","modified_gmt":"2022-11-30T10:49:39","slug":"garcia-camara-new-condenser-for-r717","status":"publish","type":"post","link":"https:\/\/garciacamara.com\/en\/garcia-camara-new-condenser-for-r717\/","title":{"rendered":"New condenser for R717"},"content":{"rendered":"\n<p>Following our green commitment we develop high efficiency products, which use natural refrigerants and are fully recyclable.<br>Within our special products manufactured under specific specifications of our customer we present the latest condenser for R717 (Ammonia).<br>Technical characteristics:<\/p>\n\n\n\n<ul class=\"wp-block-list\">\n<li>R717 (ammonia) for power 275Kw with temperature differential of 10\u00bac.<\/li>\n\n\n\n<li>AISI 304 stainless steel piping with an internal volume of 200 litres.<\/li>\n\n\n\n<li>Exchange surface of 1.700m2.<\/li>\n\n\n\n<li>Electronic fans with an air flow of 150.000m3h and an electrical consumption of 15 Kw.<\/li>\n<\/ul>\n\n\n\n<figure class=\"wp-block-gallery has-nested-images columns-default is-cropped wp-block-gallery-1 is-layout-flex wp-block-gallery-is-layout-flex\">\n<figure class=\"wp-block-image size-large\"><img fetchpriority=\"high\" decoding=\"async\" width=\"1024\" height=\"352\" data-id=\"2412\" src=\"https:\/\/garciacamara.com\/wp-content\/uploads\/2022\/11\/P1000403-1-1024x352.png\" alt=\"\" class=\"wp-image-2412\" srcset=\"https:\/\/garciacamara.com\/wp-content\/uploads\/2022\/11\/P1000403-1-1024x352.png 1024w, https:\/\/garciacamara.com\/wp-content\/uploads\/2022\/11\/P1000403-1-300x103.png 300w, https:\/\/garciacamara.com\/wp-content\/uploads\/2022\/11\/P1000403-1-768x264.png 768w, https:\/\/garciacamara.com\/wp-content\/uploads\/2022\/11\/P1000403-1-1536x528.png 1536w, https:\/\/garciacamara.com\/wp-content\/uploads\/2022\/11\/P1000403-1-2048x704.png 2048w\" sizes=\"(max-width: 1024px) 100vw, 1024px\" \/><\/figure>\n<\/figure>\n\n\n\n<figure class=\"wp-block-image size-large\"><img decoding=\"async\" width=\"1024\" height=\"906\" src=\"https:\/\/garciacamara.com\/wp-content\/uploads\/2022\/11\/P1000404-1-1024x906.png\" alt=\"\" class=\"wp-image-2416\" srcset=\"https:\/\/garciacamara.com\/wp-content\/uploads\/2022\/11\/P1000404-1-1024x906.png 1024w, https:\/\/garciacamara.com\/wp-content\/uploads\/2022\/11\/P1000404-1-300x265.png 300w, https:\/\/garciacamara.com\/wp-content\/uploads\/2022\/11\/P1000404-1-768x679.png 768w, https:\/\/garciacamara.com\/wp-content\/uploads\/2022\/11\/P1000404-1-1536x1359.png 1536w, https:\/\/garciacamara.com\/wp-content\/uploads\/2022\/11\/P1000404-1-2048x1812.png 2048w\" sizes=\"(max-width: 1024px) 100vw, 1024px\" \/><\/figure>\n","protected":false},"excerpt":{"rendered":"<p>Following our green commitment we develop high efficiency products, which use natural refrigerants and are fully recyclable.Within our special products manufactured under specific specifications of our customer we present the latest condenser for R717 (Ammonia).Technical characteristics:<\/p>\n","protected":false},"author":1,"featured_media":2400,"comment_status":"closed","ping_status":"closed","sticky":false,"template":"","format":"standard","meta":{"inline_featured_image":false,"footnotes":""},"categories":[9],"tags":[],"class_list":["post-2409","post","type-post","status-publish","format-standard","has-post-thumbnail","hentry","category-uncategorized"],"yoast_head":"<!-- This site is optimized with the Yoast SEO plugin v25.8 - https:\/\/yoast.com\/wordpress\/plugins\/seo\/ -->\n<title>New condenser for R717 - Garc\u00eda C\u00e1mara<\/title>\n<meta name=\"description\" content=\"New condenser for R71\" \/>\n<meta name=\"robots\" content=\"index, follow, max-snippet:-1, max-image-preview:large, max-video-preview:-1\" \/>\n<link rel=\"canonical\" href=\"https:\/\/garciacamara.com\/en\/garcia-camara-new-condenser-for-r717\/\" \/>\n<meta property=\"og:locale\" content=\"en_US\" \/>\n<meta property=\"og:type\" content=\"article\" \/>\n<meta property=\"og:title\" content=\"New condenser for R717 - Garc\u00eda C\u00e1mara\" \/>\n<meta property=\"og:description\" content=\"New condenser for R71\" \/>\n<meta property=\"og:url\" content=\"https:\/\/garciacamara.com\/en\/garcia-camara-new-condenser-for-r717\/\" \/>\n<meta property=\"og:site_name\" content=\"Garc\u00eda C\u00e1mara\" \/>\n<meta property=\"article:published_time\" content=\"2022-11-30T10:49:38+00:00\" \/>\n<meta property=\"article:modified_time\" content=\"2022-11-30T10:49:39+00:00\" \/>\n<meta property=\"og:image\" content=\"https:\/\/garciacamara.com\/wp-content\/uploads\/2022\/11\/P1000403-1024x352.png\" \/>\n\t<meta property=\"og:image:width\" content=\"1024\" \/>\n\t<meta property=\"og:image:height\" content=\"352\" \/>\n\t<meta property=\"og:image:type\" content=\"image\/png\" \/>\n<meta name=\"author\" content=\"admin\" \/>\n<meta name=\"twitter:card\" content=\"summary_large_image\" \/>\n<meta name=\"twitter:label1\" content=\"Written by\" \/>\n\t<meta name=\"twitter:data1\" content=\"admin\" \/>\n\t<meta name=\"twitter:label2\" content=\"Est. reading time\" \/>\n\t<meta name=\"twitter:data2\" content=\"1 minute\" \/>\n<script type=\"application\/ld+json\" class=\"yoast-schema-graph\">{\"@context\":\"https:\/\/schema.org\",\"@graph\":[{\"@type\":\"Article\",\"@id\":\"https:\/\/garciacamara.com\/en\/garcia-camara-new-condenser-for-r717\/#article\",\"isPartOf\":{\"@id\":\"https:\/\/garciacamara.com\/en\/garcia-camara-new-condenser-for-r717\/\"},\"author\":{\"name\":\"admin\",\"@id\":\"https:\/\/garciacamara.com\/#\/schema\/person\/aa613a88a23149c6fc92e223afb4ce52\"},\"headline\":\"New condenser for R717\",\"datePublished\":\"2022-11-30T10:49:38+00:00\",\"dateModified\":\"2022-11-30T10:49:39+00:00\",\"mainEntityOfPage\":{\"@id\":\"https:\/\/garciacamara.com\/en\/garcia-camara-new-condenser-for-r717\/\"},\"wordCount\":81,\"publisher\":{\"@id\":\"https:\/\/garciacamara.com\/#organization\"},\"image\":{\"@id\":\"https:\/\/garciacamara.com\/en\/garcia-camara-new-condenser-for-r717\/#primaryimage\"},\"thumbnailUrl\":\"https:\/\/garciacamara.com\/wp-content\/uploads\/2022\/11\/P1000403.png\",\"inLanguage\":\"en-US\"},{\"@type\":\"WebPage\",\"@id\":\"https:\/\/garciacamara.com\/en\/garcia-camara-new-condenser-for-r717\/\",\"url\":\"https:\/\/garciacamara.com\/en\/garcia-camara-new-condenser-for-r717\/\",\"name\":\"New condenser for R717 - Garc\u00eda C\u00e1mara\",\"isPartOf\":{\"@id\":\"https:\/\/garciacamara.com\/#website\"},\"primaryImageOfPage\":{\"@id\":\"https:\/\/garciacamara.com\/en\/garcia-camara-new-condenser-for-r717\/#primaryimage\"},\"image\":{\"@id\":\"https:\/\/garciacamara.com\/en\/garcia-camara-new-condenser-for-r717\/#primaryimage\"},\"thumbnailUrl\":\"https:\/\/garciacamara.com\/wp-content\/uploads\/2022\/11\/P1000403.png\",\"datePublished\":\"2022-11-30T10:49:38+00:00\",\"dateModified\":\"2022-11-30T10:49:39+00:00\",\"description\":\"New condenser for R71\",\"breadcrumb\":{\"@id\":\"https:\/\/garciacamara.com\/en\/garcia-camara-new-condenser-for-r717\/#breadcrumb\"},\"inLanguage\":\"en-US\",\"potentialAction\":[{\"@type\":\"ReadAction\",\"target\":[\"https:\/\/garciacamara.com\/en\/garcia-camara-new-condenser-for-r717\/\"]}]},{\"@type\":\"ImageObject\",\"inLanguage\":\"en-US\",\"@id\":\"https:\/\/garciacamara.com\/en\/garcia-camara-new-condenser-for-r717\/#primaryimage\",\"url\":\"https:\/\/garciacamara.com\/wp-content\/uploads\/2022\/11\/P1000403.png\",\"contentUrl\":\"https:\/\/garciacamara.com\/wp-content\/uploads\/2022\/11\/P1000403.png\",\"width\":4050,\"height\":1393},{\"@type\":\"BreadcrumbList\",\"@id\":\"https:\/\/garciacamara.com\/en\/garcia-camara-new-condenser-for-r717\/#breadcrumb\",\"itemListElement\":[{\"@type\":\"ListItem\",\"position\":1,\"name\":\"Home\",\"item\":\"https:\/\/garciacamara.com\/\"},{\"@type\":\"ListItem\",\"position\":2,\"name\":\"New condenser for R717\"}]},{\"@type\":\"WebSite\",\"@id\":\"https:\/\/garciacamara.com\/#website\",\"url\":\"https:\/\/garciacamara.com\/\",\"name\":\"Garc\u00eda C\u00e1mara\",\"description\":\"Fabricaci\u00f3n de intercambiadores de calor desde 1942.\",\"publisher\":{\"@id\":\"https:\/\/garciacamara.com\/#organization\"},\"potentialAction\":[{\"@type\":\"SearchAction\",\"target\":{\"@type\":\"EntryPoint\",\"urlTemplate\":\"https:\/\/garciacamara.com\/?s={search_term_string}\"},\"query-input\":{\"@type\":\"PropertyValueSpecification\",\"valueRequired\":true,\"valueName\":\"search_term_string\"}}],\"inLanguage\":\"en-US\"},{\"@type\":\"Organization\",\"@id\":\"https:\/\/garciacamara.com\/#organization\",\"name\":\"Garc\u00eda C\u00e1mara\",\"url\":\"https:\/\/garciacamara.com\/\",\"logo\":{\"@type\":\"ImageObject\",\"inLanguage\":\"en-US\",\"@id\":\"https:\/\/garciacamara.com\/#\/schema\/logo\/image\/\",\"url\":\"https:\/\/garciacamara.com\/wp-content\/uploads\/2022\/03\/logo-garcia-camara-gc-4.svg\",\"contentUrl\":\"https:\/\/garciacamara.com\/wp-content\/uploads\/2022\/03\/logo-garcia-camara-gc-4.svg\",\"width\":1,\"height\":1,\"caption\":\"Garc\u00eda C\u00e1mara\"},\"image\":{\"@id\":\"https:\/\/garciacamara.com\/#\/schema\/logo\/image\/\"}},{\"@type\":\"Person\",\"@id\":\"https:\/\/garciacamara.com\/#\/schema\/person\/aa613a88a23149c6fc92e223afb4ce52\",\"name\":\"admin\",\"image\":{\"@type\":\"ImageObject\",\"inLanguage\":\"en-US\",\"@id\":\"https:\/\/garciacamara.com\/#\/schema\/person\/image\/\",\"url\":\"https:\/\/secure.gravatar.com\/avatar\/36a9315860220403161fb8d1a553e0bfcda20cd072a559fce5b00b50ca98b04a?s=96&d=mm&r=g\",\"contentUrl\":\"https:\/\/secure.gravatar.com\/avatar\/36a9315860220403161fb8d1a553e0bfcda20cd072a559fce5b00b50ca98b04a?s=96&d=mm&r=g\",\"caption\":\"admin\"},\"sameAs\":[\"https:\/\/garciacamara.com\"],\"url\":\"https:\/\/garciacamara.com\/en\/author\/lobby_rtfo0fqw\/\"}]}<\/script>\n<!-- \/ Yoast SEO plugin. -->","yoast_head_json":{"title":"New condenser for R717 - Garc\u00eda C\u00e1mara","description":"New condenser for R71","robots":{"index":"index","follow":"follow","max-snippet":"max-snippet:-1","max-image-preview":"max-image-preview:large","max-video-preview":"max-video-preview:-1"},"canonical":"https:\/\/garciacamara.com\/en\/garcia-camara-new-condenser-for-r717\/","og_locale":"en_US","og_type":"article","og_title":"New condenser for R717 - Garc\u00eda C\u00e1mara","og_description":"New condenser for R71","og_url":"https:\/\/garciacamara.com\/en\/garcia-camara-new-condenser-for-r717\/","og_site_name":"Garc\u00eda C\u00e1mara","article_published_time":"2022-11-30T10:49:38+00:00","article_modified_time":"2022-11-30T10:49:39+00:00","og_image":[{"width":1024,"height":352,"url":"https:\/\/garciacamara.com\/wp-content\/uploads\/2022\/11\/P1000403-1024x352.png","type":"image\/png"}],"author":"admin","twitter_card":"summary_large_image","twitter_misc":{"Written by":"admin","Est. reading time":"1 minute"},"schema":{"@context":"https:\/\/schema.org","@graph":[{"@type":"Article","@id":"https:\/\/garciacamara.com\/en\/garcia-camara-new-condenser-for-r717\/#article","isPartOf":{"@id":"https:\/\/garciacamara.com\/en\/garcia-camara-new-condenser-for-r717\/"},"author":{"name":"admin","@id":"https:\/\/garciacamara.com\/#\/schema\/person\/aa613a88a23149c6fc92e223afb4ce52"},"headline":"New condenser for R717","datePublished":"2022-11-30T10:49:38+00:00","dateModified":"2022-11-30T10:49:39+00:00","mainEntityOfPage":{"@id":"https:\/\/garciacamara.com\/en\/garcia-camara-new-condenser-for-r717\/"},"wordCount":81,"publisher":{"@id":"https:\/\/garciacamara.com\/#organization"},"image":{"@id":"https:\/\/garciacamara.com\/en\/garcia-camara-new-condenser-for-r717\/#primaryimage"},"thumbnailUrl":"https:\/\/garciacamara.com\/wp-content\/uploads\/2022\/11\/P1000403.png","inLanguage":"en-US"},{"@type":"WebPage","@id":"https:\/\/garciacamara.com\/en\/garcia-camara-new-condenser-for-r717\/","url":"https:\/\/garciacamara.com\/en\/garcia-camara-new-condenser-for-r717\/","name":"New condenser for R717 - Garc\u00eda C\u00e1mara","isPartOf":{"@id":"https:\/\/garciacamara.com\/#website"},"primaryImageOfPage":{"@id":"https:\/\/garciacamara.com\/en\/garcia-camara-new-condenser-for-r717\/#primaryimage"},"image":{"@id":"https:\/\/garciacamara.com\/en\/garcia-camara-new-condenser-for-r717\/#primaryimage"},"thumbnailUrl":"https:\/\/garciacamara.com\/wp-content\/uploads\/2022\/11\/P1000403.png","datePublished":"2022-11-30T10:49:38+00:00","dateModified":"2022-11-30T10:49:39+00:00","description":"New condenser for R71","breadcrumb":{"@id":"https:\/\/garciacamara.com\/en\/garcia-camara-new-condenser-for-r717\/#breadcrumb"},"inLanguage":"en-US","potentialAction":[{"@type":"ReadAction","target":["https:\/\/garciacamara.com\/en\/garcia-camara-new-condenser-for-r717\/"]}]},{"@type":"ImageObject","inLanguage":"en-US","@id":"https:\/\/garciacamara.com\/en\/garcia-camara-new-condenser-for-r717\/#primaryimage","url":"https:\/\/garciacamara.com\/wp-content\/uploads\/2022\/11\/P1000403.png","contentUrl":"https:\/\/garciacamara.com\/wp-content\/uploads\/2022\/11\/P1000403.png","width":4050,"height":1393},{"@type":"BreadcrumbList","@id":"https:\/\/garciacamara.com\/en\/garcia-camara-new-condenser-for-r717\/#breadcrumb","itemListElement":[{"@type":"ListItem","position":1,"name":"Home","item":"https:\/\/garciacamara.com\/"},{"@type":"ListItem","position":2,"name":"New condenser for R717"}]},{"@type":"WebSite","@id":"https:\/\/garciacamara.com\/#website","url":"https:\/\/garciacamara.com\/","name":"Garc\u00eda C\u00e1mara","description":"Fabricaci\u00f3n de intercambiadores de calor desde 1942.","publisher":{"@id":"https:\/\/garciacamara.com\/#organization"},"potentialAction":[{"@type":"SearchAction","target":{"@type":"EntryPoint","urlTemplate":"https:\/\/garciacamara.com\/?s={search_term_string}"},"query-input":{"@type":"PropertyValueSpecification","valueRequired":true,"valueName":"search_term_string"}}],"inLanguage":"en-US"},{"@type":"Organization","@id":"https:\/\/garciacamara.com\/#organization","name":"Garc\u00eda C\u00e1mara","url":"https:\/\/garciacamara.com\/","logo":{"@type":"ImageObject","inLanguage":"en-US","@id":"https:\/\/garciacamara.com\/#\/schema\/logo\/image\/","url":"https:\/\/garciacamara.com\/wp-content\/uploads\/2022\/03\/logo-garcia-camara-gc-4.svg","contentUrl":"https:\/\/garciacamara.com\/wp-content\/uploads\/2022\/03\/logo-garcia-camara-gc-4.svg","width":1,"height":1,"caption":"Garc\u00eda C\u00e1mara"},"image":{"@id":"https:\/\/garciacamara.com\/#\/schema\/logo\/image\/"}},{"@type":"Person","@id":"https:\/\/garciacamara.com\/#\/schema\/person\/aa613a88a23149c6fc92e223afb4ce52","name":"admin","image":{"@type":"ImageObject","inLanguage":"en-US","@id":"https:\/\/garciacamara.com\/#\/schema\/person\/image\/","url":"https:\/\/secure.gravatar.com\/avatar\/36a9315860220403161fb8d1a553e0bfcda20cd072a559fce5b00b50ca98b04a?s=96&d=mm&r=g","contentUrl":"https:\/\/secure.gravatar.com\/avatar\/36a9315860220403161fb8d1a553e0bfcda20cd072a559fce5b00b50ca98b04a?s=96&d=mm&r=g","caption":"admin"},"sameAs":["https:\/\/garciacamara.com"],"url":"https:\/\/garciacamara.com\/en\/author\/lobby_rtfo0fqw\/"}]}},"_links":{"self":[{"href":"https:\/\/garciacamara.com\/en\/wp-json\/wp\/v2\/posts\/2409","targetHints":{"allow":["GET"]}}],"collection":[{"href":"https:\/\/garciacamara.com\/en\/wp-json\/wp\/v2\/posts"}],"about":[{"href":"https:\/\/garciacamara.com\/en\/wp-json\/wp\/v2\/types\/post"}],"author":[{"embeddable":true,"href":"https:\/\/garciacamara.com\/en\/wp-json\/wp\/v2\/users\/1"}],"replies":[{"embeddable":true,"href":"https:\/\/garciacamara.com\/en\/wp-json\/wp\/v2\/comments?post=2409"}],"version-history":[{"count":1,"href":"https:\/\/garciacamara.com\/en\/wp-json\/wp\/v2\/posts\/2409\/revisions"}],"predecessor-version":[{"id":2420,"href":"https:\/\/garciacamara.com\/en\/wp-json\/wp\/v2\/posts\/2409\/revisions\/2420"}],"wp:featuredmedia":[{"embeddable":true,"href":"https:\/\/garciacamara.com\/en\/wp-json\/wp\/v2\/media\/2400"}],"wp:attachment":[{"href":"https:\/\/garciacamara.com\/en\/wp-json\/wp\/v2\/media?parent=2409"}],"wp:term":[{"taxonomy":"category","embeddable":true,"href":"https:\/\/garciacamara.com\/en\/wp-json\/wp\/v2\/categories?post=2409"},{"taxonomy":"post_tag","embeddable":true,"href":"https:\/\/garciacamara.com\/en\/wp-json\/wp\/v2\/tags?post=2409"}],"curies":[{"name":"wp","href":"https:\/\/api.w.org\/{rel}","templated":true}]}}