{"id":2981,"date":"2024-04-23T08:36:40","date_gmt":"2024-04-23T08:36:40","guid":{"rendered":"https:\/\/garciacamara.com\/?p=2981"},"modified":"2024-09-05T11:55:23","modified_gmt":"2024-09-05T11:55:23","slug":"new-refrigerating-installation","status":"publish","type":"post","link":"https:\/\/garciacamara.com\/en\/new-refrigerating-installation\/","title":{"rendered":"NEW REFRIGERATING INSTALLATION"},"content":{"rendered":"<p>Refrigeration installation carried out at TERNEROS 2000 SL of the Miguel Vergara agri-food group, a benchmark in the production of high-quality beef.<\/p>\n<p>TODO REFRIGERACI\u00d3N as an engineering company and SYSTEMFROST, a renowned industrial refrigeration installer, designed and executed a plant with refrigeration needs of 542 kW at high\/medium temperature and 106 kW at low temperature.<\/p>\n<p>In this industry, <strong>40 double flow air coolers<\/strong> manufactured by <strong>GARC\u00cdA C\u00c1MARA<\/strong> from the EPL range have been installed in high and medium temperature services working with ethylene glycol.<\/p>\n<p>For freezing <strong>cubic evaporators<\/strong> from our CUBE range, and EM type <strong>wall batteries<\/strong>, all of them made of AISI304 stainless steel tube using ammonia NH3 as a low temperature refrigerant.<\/p>\n<p><img fetchpriority=\"high\" decoding=\"async\" class=\"alignnone size-medium wp-image-2975 alignleft\" src=\"https:\/\/garciacamara.com\/wp-content\/uploads\/2024\/04\/Foto-3-300x300.jpg\" alt=\"\" width=\"300\" height=\"300\" srcset=\"https:\/\/garciacamara.com\/wp-content\/uploads\/2024\/04\/Foto-3-300x300.jpg 300w, https:\/\/garciacamara.com\/wp-content\/uploads\/2024\/04\/Foto-3-150x150.jpg 150w, https:\/\/garciacamara.com\/wp-content\/uploads\/2024\/04\/Foto-3-768x768.jpg 768w, https:\/\/garciacamara.com\/wp-content\/uploads\/2024\/04\/Foto-3.jpg 960w\" sizes=\"(max-width: 300px) 100vw, 300px\" \/> <img decoding=\"async\" class=\"alignnone size-medium wp-image-2971 alignleft\" src=\"https:\/\/garciacamara.com\/wp-content\/uploads\/2024\/04\/Foto-2-300x300.jpg\" alt=\"\" width=\"300\" height=\"300\" srcset=\"https:\/\/garciacamara.com\/wp-content\/uploads\/2024\/04\/Foto-2-300x300.jpg 300w, https:\/\/garciacamara.com\/wp-content\/uploads\/2024\/04\/Foto-2-150x150.jpg 150w, https:\/\/garciacamara.com\/wp-content\/uploads\/2024\/04\/Foto-2-768x768.jpg 768w, https:\/\/garciacamara.com\/wp-content\/uploads\/2024\/04\/Foto-2.jpg 960w\" sizes=\"(max-width: 300px) 100vw, 300px\" \/> <img decoding=\"async\" class=\"alignnone size-medium wp-image-2967 alignleft\" src=\"https:\/\/garciacamara.com\/wp-content\/uploads\/2024\/04\/Foto-1-300x300.jpg\" alt=\"\" width=\"300\" height=\"300\" srcset=\"https:\/\/garciacamara.com\/wp-content\/uploads\/2024\/04\/Foto-1-300x300.jpg 300w, https:\/\/garciacamara.com\/wp-content\/uploads\/2024\/04\/Foto-1-150x150.jpg 150w, https:\/\/garciacamara.com\/wp-content\/uploads\/2024\/04\/Foto-1-768x768.jpg 768w, https:\/\/garciacamara.com\/wp-content\/uploads\/2024\/04\/Foto-1.jpg 960w\" sizes=\"(max-width: 300px) 100vw, 300px\" \/><\/p>\n<p>&nbsp;<\/p>\n<p>&nbsp;<\/p>\n<p>&nbsp;<\/p>\n<p>&nbsp;<\/p>\n<p>&nbsp;<\/p>\n<p>&nbsp;<\/p>\n<p>&nbsp;<\/p>\n<p>&nbsp;<\/p>\n<p>&nbsp;<\/p>\n","protected":false},"excerpt":{"rendered":"<p>Refrigeration installation carried out at TERNEROS 2000 SL of the Miguel Vergara agri-food group, a benchmark in the production of high-quality beef. TODO REFRIGERACI\u00d3N as an engineering company and SYSTEMFROST, a renowned industrial refrigeration installer, designed and executed a plant with refrigeration needs of 542 kW at high\/medium temperature and 106 kW at low temperature. [&hellip;]<\/p>\n","protected":false},"author":1,"featured_media":2968,"comment_status":"closed","ping_status":"closed","sticky":false,"template":"","format":"standard","meta":{"inline_featured_image":false,"footnotes":""},"categories":[9],"tags":[],"class_list":["post-2981","post","type-post","status-publish","format-standard","has-post-thumbnail","hentry","category-uncategorized"],"yoast_head":"<!-- This site is optimized with the Yoast SEO plugin v25.8 - https:\/\/yoast.com\/wordpress\/plugins\/seo\/ -->\n<title>NEW REFRIGERATING INSTALLATION - Garc\u00eda C\u00e1mara<\/title>\n<meta name=\"robots\" content=\"index, follow, max-snippet:-1, max-image-preview:large, max-video-preview:-1\" \/>\n<link rel=\"canonical\" href=\"https:\/\/garciacamara.com\/en\/new-refrigerating-installation\/\" \/>\n<meta property=\"og:locale\" content=\"en_US\" \/>\n<meta property=\"og:type\" content=\"article\" \/>\n<meta property=\"og:title\" content=\"NEW REFRIGERATING INSTALLATION - Garc\u00eda C\u00e1mara\" \/>\n<meta property=\"og:description\" content=\"Refrigeration installation carried out at TERNEROS 2000 SL of the Miguel Vergara agri-food group, a benchmark in the production of high-quality beef. TODO REFRIGERACI\u00d3N as an engineering company and SYSTEMFROST, a renowned industrial refrigeration installer, designed and executed a plant with refrigeration needs of 542 kW at high\/medium temperature and 106 kW at low temperature. [&hellip;]\" \/>\n<meta property=\"og:url\" content=\"https:\/\/garciacamara.com\/en\/new-refrigerating-installation\/\" \/>\n<meta property=\"og:site_name\" content=\"Garc\u00eda C\u00e1mara\" \/>\n<meta property=\"article:published_time\" content=\"2024-04-23T08:36:40+00:00\" \/>\n<meta property=\"article:modified_time\" content=\"2024-09-05T11:55:23+00:00\" \/>\n<meta property=\"og:image\" content=\"https:\/\/garciacamara.com\/wp-content\/uploads\/2024\/04\/Foto-1.jpg\" \/>\n\t<meta property=\"og:image:width\" content=\"960\" \/>\n\t<meta property=\"og:image:height\" content=\"960\" \/>\n\t<meta property=\"og:image:type\" content=\"image\/jpeg\" \/>\n<meta name=\"author\" content=\"admin\" \/>\n<meta name=\"twitter:card\" content=\"summary_large_image\" \/>\n<meta name=\"twitter:label1\" content=\"Written by\" \/>\n\t<meta name=\"twitter:data1\" content=\"admin\" \/>\n\t<meta name=\"twitter:label2\" content=\"Est. reading time\" \/>\n\t<meta name=\"twitter:data2\" content=\"1 minute\" \/>\n<script type=\"application\/ld+json\" class=\"yoast-schema-graph\">{\"@context\":\"https:\/\/schema.org\",\"@graph\":[{\"@type\":\"Article\",\"@id\":\"https:\/\/garciacamara.com\/en\/new-refrigerating-installation\/#article\",\"isPartOf\":{\"@id\":\"https:\/\/garciacamara.com\/en\/new-refrigerating-installation\/\"},\"author\":{\"name\":\"admin\",\"@id\":\"https:\/\/garciacamara.com\/#\/schema\/person\/aa613a88a23149c6fc92e223afb4ce52\"},\"headline\":\"NEW REFRIGERATING INSTALLATION\",\"datePublished\":\"2024-04-23T08:36:40+00:00\",\"dateModified\":\"2024-09-05T11:55:23+00:00\",\"mainEntityOfPage\":{\"@id\":\"https:\/\/garciacamara.com\/en\/new-refrigerating-installation\/\"},\"wordCount\":126,\"publisher\":{\"@id\":\"https:\/\/garciacamara.com\/#organization\"},\"image\":{\"@id\":\"https:\/\/garciacamara.com\/en\/new-refrigerating-installation\/#primaryimage\"},\"thumbnailUrl\":\"https:\/\/garciacamara.com\/wp-content\/uploads\/2024\/04\/Foto-1.jpg\",\"inLanguage\":\"en-US\"},{\"@type\":\"WebPage\",\"@id\":\"https:\/\/garciacamara.com\/en\/new-refrigerating-installation\/\",\"url\":\"https:\/\/garciacamara.com\/en\/new-refrigerating-installation\/\",\"name\":\"NEW REFRIGERATING INSTALLATION - Garc\u00eda C\u00e1mara\",\"isPartOf\":{\"@id\":\"https:\/\/garciacamara.com\/#website\"},\"primaryImageOfPage\":{\"@id\":\"https:\/\/garciacamara.com\/en\/new-refrigerating-installation\/#primaryimage\"},\"image\":{\"@id\":\"https:\/\/garciacamara.com\/en\/new-refrigerating-installation\/#primaryimage\"},\"thumbnailUrl\":\"https:\/\/garciacamara.com\/wp-content\/uploads\/2024\/04\/Foto-1.jpg\",\"datePublished\":\"2024-04-23T08:36:40+00:00\",\"dateModified\":\"2024-09-05T11:55:23+00:00\",\"breadcrumb\":{\"@id\":\"https:\/\/garciacamara.com\/en\/new-refrigerating-installation\/#breadcrumb\"},\"inLanguage\":\"en-US\",\"potentialAction\":[{\"@type\":\"ReadAction\",\"target\":[\"https:\/\/garciacamara.com\/en\/new-refrigerating-installation\/\"]}]},{\"@type\":\"ImageObject\",\"inLanguage\":\"en-US\",\"@id\":\"https:\/\/garciacamara.com\/en\/new-refrigerating-installation\/#primaryimage\",\"url\":\"https:\/\/garciacamara.com\/wp-content\/uploads\/2024\/04\/Foto-1.jpg\",\"contentUrl\":\"https:\/\/garciacamara.com\/wp-content\/uploads\/2024\/04\/Foto-1.jpg\",\"width\":960,\"height\":960},{\"@type\":\"BreadcrumbList\",\"@id\":\"https:\/\/garciacamara.com\/en\/new-refrigerating-installation\/#breadcrumb\",\"itemListElement\":[{\"@type\":\"ListItem\",\"position\":1,\"name\":\"Home\",\"item\":\"https:\/\/garciacamara.com\/\"},{\"@type\":\"ListItem\",\"position\":2,\"name\":\"NEW REFRIGERATING INSTALLATION\"}]},{\"@type\":\"WebSite\",\"@id\":\"https:\/\/garciacamara.com\/#website\",\"url\":\"https:\/\/garciacamara.com\/\",\"name\":\"Garc\u00eda C\u00e1mara\",\"description\":\"Fabricaci\u00f3n de intercambiadores de calor desde 1942.\",\"publisher\":{\"@id\":\"https:\/\/garciacamara.com\/#organization\"},\"potentialAction\":[{\"@type\":\"SearchAction\",\"target\":{\"@type\":\"EntryPoint\",\"urlTemplate\":\"https:\/\/garciacamara.com\/?s={search_term_string}\"},\"query-input\":{\"@type\":\"PropertyValueSpecification\",\"valueRequired\":true,\"valueName\":\"search_term_string\"}}],\"inLanguage\":\"en-US\"},{\"@type\":\"Organization\",\"@id\":\"https:\/\/garciacamara.com\/#organization\",\"name\":\"Garc\u00eda C\u00e1mara\",\"url\":\"https:\/\/garciacamara.com\/\",\"logo\":{\"@type\":\"ImageObject\",\"inLanguage\":\"en-US\",\"@id\":\"https:\/\/garciacamara.com\/#\/schema\/logo\/image\/\",\"url\":\"https:\/\/garciacamara.com\/wp-content\/uploads\/2022\/03\/logo-garcia-camara-gc-4.svg\",\"contentUrl\":\"https:\/\/garciacamara.com\/wp-content\/uploads\/2022\/03\/logo-garcia-camara-gc-4.svg\",\"width\":1,\"height\":1,\"caption\":\"Garc\u00eda C\u00e1mara\"},\"image\":{\"@id\":\"https:\/\/garciacamara.com\/#\/schema\/logo\/image\/\"}},{\"@type\":\"Person\",\"@id\":\"https:\/\/garciacamara.com\/#\/schema\/person\/aa613a88a23149c6fc92e223afb4ce52\",\"name\":\"admin\",\"image\":{\"@type\":\"ImageObject\",\"inLanguage\":\"en-US\",\"@id\":\"https:\/\/garciacamara.com\/#\/schema\/person\/image\/\",\"url\":\"https:\/\/secure.gravatar.com\/avatar\/36a9315860220403161fb8d1a553e0bfcda20cd072a559fce5b00b50ca98b04a?s=96&d=mm&r=g\",\"contentUrl\":\"https:\/\/secure.gravatar.com\/avatar\/36a9315860220403161fb8d1a553e0bfcda20cd072a559fce5b00b50ca98b04a?s=96&d=mm&r=g\",\"caption\":\"admin\"},\"sameAs\":[\"https:\/\/garciacamara.com\"],\"url\":\"https:\/\/garciacamara.com\/en\/author\/lobby_rtfo0fqw\/\"}]}<\/script>\n<!-- \/ Yoast SEO plugin. -->","yoast_head_json":{"title":"NEW REFRIGERATING INSTALLATION - Garc\u00eda C\u00e1mara","robots":{"index":"index","follow":"follow","max-snippet":"max-snippet:-1","max-image-preview":"max-image-preview:large","max-video-preview":"max-video-preview:-1"},"canonical":"https:\/\/garciacamara.com\/en\/new-refrigerating-installation\/","og_locale":"en_US","og_type":"article","og_title":"NEW REFRIGERATING INSTALLATION - Garc\u00eda C\u00e1mara","og_description":"Refrigeration installation carried out at TERNEROS 2000 SL of the Miguel Vergara agri-food group, a benchmark in the production of high-quality beef. TODO REFRIGERACI\u00d3N as an engineering company and SYSTEMFROST, a renowned industrial refrigeration installer, designed and executed a plant with refrigeration needs of 542 kW at high\/medium temperature and 106 kW at low temperature. [&hellip;]","og_url":"https:\/\/garciacamara.com\/en\/new-refrigerating-installation\/","og_site_name":"Garc\u00eda C\u00e1mara","article_published_time":"2024-04-23T08:36:40+00:00","article_modified_time":"2024-09-05T11:55:23+00:00","og_image":[{"width":960,"height":960,"url":"https:\/\/garciacamara.com\/wp-content\/uploads\/2024\/04\/Foto-1.jpg","type":"image\/jpeg"}],"author":"admin","twitter_card":"summary_large_image","twitter_misc":{"Written by":"admin","Est. reading time":"1 minute"},"schema":{"@context":"https:\/\/schema.org","@graph":[{"@type":"Article","@id":"https:\/\/garciacamara.com\/en\/new-refrigerating-installation\/#article","isPartOf":{"@id":"https:\/\/garciacamara.com\/en\/new-refrigerating-installation\/"},"author":{"name":"admin","@id":"https:\/\/garciacamara.com\/#\/schema\/person\/aa613a88a23149c6fc92e223afb4ce52"},"headline":"NEW REFRIGERATING INSTALLATION","datePublished":"2024-04-23T08:36:40+00:00","dateModified":"2024-09-05T11:55:23+00:00","mainEntityOfPage":{"@id":"https:\/\/garciacamara.com\/en\/new-refrigerating-installation\/"},"wordCount":126,"publisher":{"@id":"https:\/\/garciacamara.com\/#organization"},"image":{"@id":"https:\/\/garciacamara.com\/en\/new-refrigerating-installation\/#primaryimage"},"thumbnailUrl":"https:\/\/garciacamara.com\/wp-content\/uploads\/2024\/04\/Foto-1.jpg","inLanguage":"en-US"},{"@type":"WebPage","@id":"https:\/\/garciacamara.com\/en\/new-refrigerating-installation\/","url":"https:\/\/garciacamara.com\/en\/new-refrigerating-installation\/","name":"NEW REFRIGERATING INSTALLATION - Garc\u00eda C\u00e1mara","isPartOf":{"@id":"https:\/\/garciacamara.com\/#website"},"primaryImageOfPage":{"@id":"https:\/\/garciacamara.com\/en\/new-refrigerating-installation\/#primaryimage"},"image":{"@id":"https:\/\/garciacamara.com\/en\/new-refrigerating-installation\/#primaryimage"},"thumbnailUrl":"https:\/\/garciacamara.com\/wp-content\/uploads\/2024\/04\/Foto-1.jpg","datePublished":"2024-04-23T08:36:40+00:00","dateModified":"2024-09-05T11:55:23+00:00","breadcrumb":{"@id":"https:\/\/garciacamara.com\/en\/new-refrigerating-installation\/#breadcrumb"},"inLanguage":"en-US","potentialAction":[{"@type":"ReadAction","target":["https:\/\/garciacamara.com\/en\/new-refrigerating-installation\/"]}]},{"@type":"ImageObject","inLanguage":"en-US","@id":"https:\/\/garciacamara.com\/en\/new-refrigerating-installation\/#primaryimage","url":"https:\/\/garciacamara.com\/wp-content\/uploads\/2024\/04\/Foto-1.jpg","contentUrl":"https:\/\/garciacamara.com\/wp-content\/uploads\/2024\/04\/Foto-1.jpg","width":960,"height":960},{"@type":"BreadcrumbList","@id":"https:\/\/garciacamara.com\/en\/new-refrigerating-installation\/#breadcrumb","itemListElement":[{"@type":"ListItem","position":1,"name":"Home","item":"https:\/\/garciacamara.com\/"},{"@type":"ListItem","position":2,"name":"NEW REFRIGERATING INSTALLATION"}]},{"@type":"WebSite","@id":"https:\/\/garciacamara.com\/#website","url":"https:\/\/garciacamara.com\/","name":"Garc\u00eda C\u00e1mara","description":"Fabricaci\u00f3n de intercambiadores de calor desde 1942.","publisher":{"@id":"https:\/\/garciacamara.com\/#organization"},"potentialAction":[{"@type":"SearchAction","target":{"@type":"EntryPoint","urlTemplate":"https:\/\/garciacamara.com\/?s={search_term_string}"},"query-input":{"@type":"PropertyValueSpecification","valueRequired":true,"valueName":"search_term_string"}}],"inLanguage":"en-US"},{"@type":"Organization","@id":"https:\/\/garciacamara.com\/#organization","name":"Garc\u00eda C\u00e1mara","url":"https:\/\/garciacamara.com\/","logo":{"@type":"ImageObject","inLanguage":"en-US","@id":"https:\/\/garciacamara.com\/#\/schema\/logo\/image\/","url":"https:\/\/garciacamara.com\/wp-content\/uploads\/2022\/03\/logo-garcia-camara-gc-4.svg","contentUrl":"https:\/\/garciacamara.com\/wp-content\/uploads\/2022\/03\/logo-garcia-camara-gc-4.svg","width":1,"height":1,"caption":"Garc\u00eda C\u00e1mara"},"image":{"@id":"https:\/\/garciacamara.com\/#\/schema\/logo\/image\/"}},{"@type":"Person","@id":"https:\/\/garciacamara.com\/#\/schema\/person\/aa613a88a23149c6fc92e223afb4ce52","name":"admin","image":{"@type":"ImageObject","inLanguage":"en-US","@id":"https:\/\/garciacamara.com\/#\/schema\/person\/image\/","url":"https:\/\/secure.gravatar.com\/avatar\/36a9315860220403161fb8d1a553e0bfcda20cd072a559fce5b00b50ca98b04a?s=96&d=mm&r=g","contentUrl":"https:\/\/secure.gravatar.com\/avatar\/36a9315860220403161fb8d1a553e0bfcda20cd072a559fce5b00b50ca98b04a?s=96&d=mm&r=g","caption":"admin"},"sameAs":["https:\/\/garciacamara.com"],"url":"https:\/\/garciacamara.com\/en\/author\/lobby_rtfo0fqw\/"}]}},"_links":{"self":[{"href":"https:\/\/garciacamara.com\/en\/wp-json\/wp\/v2\/posts\/2981","targetHints":{"allow":["GET"]}}],"collection":[{"href":"https:\/\/garciacamara.com\/en\/wp-json\/wp\/v2\/posts"}],"about":[{"href":"https:\/\/garciacamara.com\/en\/wp-json\/wp\/v2\/types\/post"}],"author":[{"embeddable":true,"href":"https:\/\/garciacamara.com\/en\/wp-json\/wp\/v2\/users\/1"}],"replies":[{"embeddable":true,"href":"https:\/\/garciacamara.com\/en\/wp-json\/wp\/v2\/comments?post=2981"}],"version-history":[{"count":3,"href":"https:\/\/garciacamara.com\/en\/wp-json\/wp\/v2\/posts\/2981\/revisions"}],"predecessor-version":[{"id":3075,"href":"https:\/\/garciacamara.com\/en\/wp-json\/wp\/v2\/posts\/2981\/revisions\/3075"}],"wp:featuredmedia":[{"embeddable":true,"href":"https:\/\/garciacamara.com\/en\/wp-json\/wp\/v2\/media\/2968"}],"wp:attachment":[{"href":"https:\/\/garciacamara.com\/en\/wp-json\/wp\/v2\/media?parent=2981"}],"wp:term":[{"taxonomy":"category","embeddable":true,"href":"https:\/\/garciacamara.com\/en\/wp-json\/wp\/v2\/categories?post=2981"},{"taxonomy":"post_tag","embeddable":true,"href":"https:\/\/garciacamara.com\/en\/wp-json\/wp\/v2\/tags?post=2981"}],"curies":[{"name":"wp","href":"https:\/\/api.w.org\/{rel}","templated":true}]}}