{"id":3242,"date":"2025-01-28T08:10:17","date_gmt":"2025-01-28T08:10:17","guid":{"rendered":"https:\/\/garciacamara.com\/?p=3242"},"modified":"2025-01-30T07:49:08","modified_gmt":"2025-01-30T07:49:08","slug":"green-commitment-use-of-co2","status":"publish","type":"post","link":"https:\/\/garciacamara.com\/en\/green-commitment-use-of-co2\/","title":{"rendered":"Green Commitment: Use of CO2"},"content":{"rendered":"<p>In sectors such as the food industry, the use of CO2 as a refrigerant \u2013 carbon dioxide, also known as R744 \u2013 with its many technological variants, represents a long-term solution, as it is a natural refrigerant with a minimum GWP.<\/p>\n<p>At GC, we have developed our range of evaporators and condensers to work with CO2 with PS45, PS60 and PS80, in line with our commitment to environmental responsibility.<\/p>\n<p>The benefits of CO2 as a refrigerant include:<\/p>\n<p>\u2022<strong> Efficient:<\/strong> It offers high heat transfer coefficients and high thermal conductivity.<br \/>\n\u2022 <strong>Clean:<\/strong> CO2 is a natural, clean and environmentally friendly refrigerant.<br \/>\n\u2022 <strong>Safe:<\/strong> CO\u2082 is non-corrosive, non-flammable and non-toxic.<br \/>\n\u2022 <strong>Economical:<\/strong> the cost of production is low, making it a safe and inexpensive alternative for refrigeration.<br \/>\n\u2022 <strong>The low viscosity of the liquid and gas lines<\/strong> allows for the use of smaller piping, thereby reducing system costs.<br \/>\n\u2022 <strong>Excellent cooling properties:<\/strong> high volumetric cooling capacity (6 times higher than R404A), resulting in smaller compressors, components and piping. In addition, its constant evaporating temperature character makes it possible to use it with a smaller temperature difference in evaporators and heat exchangers. The result is much lower energy consumption<br \/>\n\u2022 <strong>High cascade efficiency:<\/strong> performs well in cascade systems, offering excellent efficiency and performance values with low temperature systems.<\/p>\n<p>At GC we are committed to innovation and sustainability.<\/p>\n","protected":false},"excerpt":{"rendered":"<p>In sectors such as the food industry, the use of CO2 as a refrigerant \u2013 carbon dioxide, also known as R744 \u2013 with its many technological variants, represents a long-term solution, as it is a natural refrigerant with a minimum GWP. At GC, we have developed our range of evaporators and condensers to work with [&hellip;]<\/p>\n","protected":false},"author":1,"featured_media":3249,"comment_status":"closed","ping_status":"closed","sticky":false,"template":"","format":"standard","meta":{"inline_featured_image":false,"footnotes":""},"categories":[9],"tags":[],"class_list":["post-3242","post","type-post","status-publish","format-standard","has-post-thumbnail","hentry","category-uncategorized"],"yoast_head":"<!-- This site is optimized with the Yoast SEO plugin v25.8 - https:\/\/yoast.com\/wordpress\/plugins\/seo\/ -->\n<title>Green Commitment: Use of CO2 - Garc\u00eda C\u00e1mara<\/title>\n<meta name=\"robots\" content=\"index, follow, max-snippet:-1, max-image-preview:large, max-video-preview:-1\" \/>\n<link rel=\"canonical\" href=\"https:\/\/garciacamara.com\/en\/green-commitment-use-of-co2\/\" \/>\n<meta property=\"og:locale\" content=\"en_US\" \/>\n<meta property=\"og:type\" content=\"article\" \/>\n<meta property=\"og:title\" content=\"Green Commitment: Use of CO2 - Garc\u00eda C\u00e1mara\" \/>\n<meta property=\"og:description\" content=\"In sectors such as the food industry, the use of CO2 as a refrigerant \u2013 carbon dioxide, also known as R744 \u2013 with its many technological variants, represents a long-term solution, as it is a natural refrigerant with a minimum GWP. At GC, we have developed our range of evaporators and condensers to work with [&hellip;]\" \/>\n<meta property=\"og:url\" content=\"https:\/\/garciacamara.com\/en\/green-commitment-use-of-co2\/\" \/>\n<meta property=\"og:site_name\" content=\"Garc\u00eda C\u00e1mara\" \/>\n<meta property=\"article:published_time\" content=\"2025-01-28T08:10:17+00:00\" \/>\n<meta property=\"article:modified_time\" content=\"2025-01-30T07:49:08+00:00\" \/>\n<meta property=\"og:image\" content=\"https:\/\/garciacamara.com\/wp-content\/uploads\/2025\/01\/gc-co2.jpg\" \/>\n\t<meta property=\"og:image:width\" content=\"1024\" \/>\n\t<meta property=\"og:image:height\" content=\"1024\" \/>\n\t<meta property=\"og:image:type\" content=\"image\/jpeg\" \/>\n<meta name=\"author\" content=\"admin\" \/>\n<meta name=\"twitter:card\" content=\"summary_large_image\" \/>\n<meta name=\"twitter:label1\" content=\"Written by\" \/>\n\t<meta name=\"twitter:data1\" content=\"admin\" \/>\n\t<meta name=\"twitter:label2\" content=\"Est. reading time\" \/>\n\t<meta name=\"twitter:data2\" content=\"1 minute\" \/>\n<script type=\"application\/ld+json\" class=\"yoast-schema-graph\">{\"@context\":\"https:\/\/schema.org\",\"@graph\":[{\"@type\":\"Article\",\"@id\":\"https:\/\/garciacamara.com\/en\/green-commitment-use-of-co2\/#article\",\"isPartOf\":{\"@id\":\"https:\/\/garciacamara.com\/en\/green-commitment-use-of-co2\/\"},\"author\":{\"name\":\"admin\",\"@id\":\"https:\/\/garciacamara.com\/#\/schema\/person\/aa613a88a23149c6fc92e223afb4ce52\"},\"headline\":\"Green Commitment: Use of CO2\",\"datePublished\":\"2025-01-28T08:10:17+00:00\",\"dateModified\":\"2025-01-30T07:49:08+00:00\",\"mainEntityOfPage\":{\"@id\":\"https:\/\/garciacamara.com\/en\/green-commitment-use-of-co2\/\"},\"wordCount\":220,\"publisher\":{\"@id\":\"https:\/\/garciacamara.com\/#organization\"},\"image\":{\"@id\":\"https:\/\/garciacamara.com\/en\/green-commitment-use-of-co2\/#primaryimage\"},\"thumbnailUrl\":\"https:\/\/garciacamara.com\/wp-content\/uploads\/2025\/01\/gc-co2.jpg\",\"inLanguage\":\"en-US\"},{\"@type\":\"WebPage\",\"@id\":\"https:\/\/garciacamara.com\/en\/green-commitment-use-of-co2\/\",\"url\":\"https:\/\/garciacamara.com\/en\/green-commitment-use-of-co2\/\",\"name\":\"Green Commitment: Use of CO2 - Garc\u00eda C\u00e1mara\",\"isPartOf\":{\"@id\":\"https:\/\/garciacamara.com\/#website\"},\"primaryImageOfPage\":{\"@id\":\"https:\/\/garciacamara.com\/en\/green-commitment-use-of-co2\/#primaryimage\"},\"image\":{\"@id\":\"https:\/\/garciacamara.com\/en\/green-commitment-use-of-co2\/#primaryimage\"},\"thumbnailUrl\":\"https:\/\/garciacamara.com\/wp-content\/uploads\/2025\/01\/gc-co2.jpg\",\"datePublished\":\"2025-01-28T08:10:17+00:00\",\"dateModified\":\"2025-01-30T07:49:08+00:00\",\"breadcrumb\":{\"@id\":\"https:\/\/garciacamara.com\/en\/green-commitment-use-of-co2\/#breadcrumb\"},\"inLanguage\":\"en-US\",\"potentialAction\":[{\"@type\":\"ReadAction\",\"target\":[\"https:\/\/garciacamara.com\/en\/green-commitment-use-of-co2\/\"]}]},{\"@type\":\"ImageObject\",\"inLanguage\":\"en-US\",\"@id\":\"https:\/\/garciacamara.com\/en\/green-commitment-use-of-co2\/#primaryimage\",\"url\":\"https:\/\/garciacamara.com\/wp-content\/uploads\/2025\/01\/gc-co2.jpg\",\"contentUrl\":\"https:\/\/garciacamara.com\/wp-content\/uploads\/2025\/01\/gc-co2.jpg\",\"width\":1024,\"height\":1024},{\"@type\":\"BreadcrumbList\",\"@id\":\"https:\/\/garciacamara.com\/en\/green-commitment-use-of-co2\/#breadcrumb\",\"itemListElement\":[{\"@type\":\"ListItem\",\"position\":1,\"name\":\"Home\",\"item\":\"https:\/\/garciacamara.com\/\"},{\"@type\":\"ListItem\",\"position\":2,\"name\":\"Green Commitment: Use of CO2\"}]},{\"@type\":\"WebSite\",\"@id\":\"https:\/\/garciacamara.com\/#website\",\"url\":\"https:\/\/garciacamara.com\/\",\"name\":\"Garc\u00eda C\u00e1mara\",\"description\":\"Fabricaci\u00f3n de intercambiadores de calor desde 1942.\",\"publisher\":{\"@id\":\"https:\/\/garciacamara.com\/#organization\"},\"potentialAction\":[{\"@type\":\"SearchAction\",\"target\":{\"@type\":\"EntryPoint\",\"urlTemplate\":\"https:\/\/garciacamara.com\/?s={search_term_string}\"},\"query-input\":{\"@type\":\"PropertyValueSpecification\",\"valueRequired\":true,\"valueName\":\"search_term_string\"}}],\"inLanguage\":\"en-US\"},{\"@type\":\"Organization\",\"@id\":\"https:\/\/garciacamara.com\/#organization\",\"name\":\"Garc\u00eda C\u00e1mara\",\"url\":\"https:\/\/garciacamara.com\/\",\"logo\":{\"@type\":\"ImageObject\",\"inLanguage\":\"en-US\",\"@id\":\"https:\/\/garciacamara.com\/#\/schema\/logo\/image\/\",\"url\":\"https:\/\/garciacamara.com\/wp-content\/uploads\/2022\/03\/logo-garcia-camara-gc-4.svg\",\"contentUrl\":\"https:\/\/garciacamara.com\/wp-content\/uploads\/2022\/03\/logo-garcia-camara-gc-4.svg\",\"width\":1,\"height\":1,\"caption\":\"Garc\u00eda C\u00e1mara\"},\"image\":{\"@id\":\"https:\/\/garciacamara.com\/#\/schema\/logo\/image\/\"}},{\"@type\":\"Person\",\"@id\":\"https:\/\/garciacamara.com\/#\/schema\/person\/aa613a88a23149c6fc92e223afb4ce52\",\"name\":\"admin\",\"image\":{\"@type\":\"ImageObject\",\"inLanguage\":\"en-US\",\"@id\":\"https:\/\/garciacamara.com\/#\/schema\/person\/image\/\",\"url\":\"https:\/\/secure.gravatar.com\/avatar\/36a9315860220403161fb8d1a553e0bfcda20cd072a559fce5b00b50ca98b04a?s=96&d=mm&r=g\",\"contentUrl\":\"https:\/\/secure.gravatar.com\/avatar\/36a9315860220403161fb8d1a553e0bfcda20cd072a559fce5b00b50ca98b04a?s=96&d=mm&r=g\",\"caption\":\"admin\"},\"sameAs\":[\"https:\/\/garciacamara.com\"],\"url\":\"https:\/\/garciacamara.com\/en\/author\/lobby_rtfo0fqw\/\"}]}<\/script>\n<!-- \/ Yoast SEO plugin. -->","yoast_head_json":{"title":"Green Commitment: Use of CO2 - Garc\u00eda C\u00e1mara","robots":{"index":"index","follow":"follow","max-snippet":"max-snippet:-1","max-image-preview":"max-image-preview:large","max-video-preview":"max-video-preview:-1"},"canonical":"https:\/\/garciacamara.com\/en\/green-commitment-use-of-co2\/","og_locale":"en_US","og_type":"article","og_title":"Green Commitment: Use of CO2 - Garc\u00eda C\u00e1mara","og_description":"In sectors such as the food industry, the use of CO2 as a refrigerant \u2013 carbon dioxide, also known as R744 \u2013 with its many technological variants, represents a long-term solution, as it is a natural refrigerant with a minimum GWP. At GC, we have developed our range of evaporators and condensers to work with [&hellip;]","og_url":"https:\/\/garciacamara.com\/en\/green-commitment-use-of-co2\/","og_site_name":"Garc\u00eda C\u00e1mara","article_published_time":"2025-01-28T08:10:17+00:00","article_modified_time":"2025-01-30T07:49:08+00:00","og_image":[{"width":1024,"height":1024,"url":"https:\/\/garciacamara.com\/wp-content\/uploads\/2025\/01\/gc-co2.jpg","type":"image\/jpeg"}],"author":"admin","twitter_card":"summary_large_image","twitter_misc":{"Written by":"admin","Est. reading time":"1 minute"},"schema":{"@context":"https:\/\/schema.org","@graph":[{"@type":"Article","@id":"https:\/\/garciacamara.com\/en\/green-commitment-use-of-co2\/#article","isPartOf":{"@id":"https:\/\/garciacamara.com\/en\/green-commitment-use-of-co2\/"},"author":{"name":"admin","@id":"https:\/\/garciacamara.com\/#\/schema\/person\/aa613a88a23149c6fc92e223afb4ce52"},"headline":"Green Commitment: Use of CO2","datePublished":"2025-01-28T08:10:17+00:00","dateModified":"2025-01-30T07:49:08+00:00","mainEntityOfPage":{"@id":"https:\/\/garciacamara.com\/en\/green-commitment-use-of-co2\/"},"wordCount":220,"publisher":{"@id":"https:\/\/garciacamara.com\/#organization"},"image":{"@id":"https:\/\/garciacamara.com\/en\/green-commitment-use-of-co2\/#primaryimage"},"thumbnailUrl":"https:\/\/garciacamara.com\/wp-content\/uploads\/2025\/01\/gc-co2.jpg","inLanguage":"en-US"},{"@type":"WebPage","@id":"https:\/\/garciacamara.com\/en\/green-commitment-use-of-co2\/","url":"https:\/\/garciacamara.com\/en\/green-commitment-use-of-co2\/","name":"Green Commitment: Use of CO2 - Garc\u00eda C\u00e1mara","isPartOf":{"@id":"https:\/\/garciacamara.com\/#website"},"primaryImageOfPage":{"@id":"https:\/\/garciacamara.com\/en\/green-commitment-use-of-co2\/#primaryimage"},"image":{"@id":"https:\/\/garciacamara.com\/en\/green-commitment-use-of-co2\/#primaryimage"},"thumbnailUrl":"https:\/\/garciacamara.com\/wp-content\/uploads\/2025\/01\/gc-co2.jpg","datePublished":"2025-01-28T08:10:17+00:00","dateModified":"2025-01-30T07:49:08+00:00","breadcrumb":{"@id":"https:\/\/garciacamara.com\/en\/green-commitment-use-of-co2\/#breadcrumb"},"inLanguage":"en-US","potentialAction":[{"@type":"ReadAction","target":["https:\/\/garciacamara.com\/en\/green-commitment-use-of-co2\/"]}]},{"@type":"ImageObject","inLanguage":"en-US","@id":"https:\/\/garciacamara.com\/en\/green-commitment-use-of-co2\/#primaryimage","url":"https:\/\/garciacamara.com\/wp-content\/uploads\/2025\/01\/gc-co2.jpg","contentUrl":"https:\/\/garciacamara.com\/wp-content\/uploads\/2025\/01\/gc-co2.jpg","width":1024,"height":1024},{"@type":"BreadcrumbList","@id":"https:\/\/garciacamara.com\/en\/green-commitment-use-of-co2\/#breadcrumb","itemListElement":[{"@type":"ListItem","position":1,"name":"Home","item":"https:\/\/garciacamara.com\/"},{"@type":"ListItem","position":2,"name":"Green Commitment: Use of CO2"}]},{"@type":"WebSite","@id":"https:\/\/garciacamara.com\/#website","url":"https:\/\/garciacamara.com\/","name":"Garc\u00eda C\u00e1mara","description":"Fabricaci\u00f3n de intercambiadores de calor desde 1942.","publisher":{"@id":"https:\/\/garciacamara.com\/#organization"},"potentialAction":[{"@type":"SearchAction","target":{"@type":"EntryPoint","urlTemplate":"https:\/\/garciacamara.com\/?s={search_term_string}"},"query-input":{"@type":"PropertyValueSpecification","valueRequired":true,"valueName":"search_term_string"}}],"inLanguage":"en-US"},{"@type":"Organization","@id":"https:\/\/garciacamara.com\/#organization","name":"Garc\u00eda C\u00e1mara","url":"https:\/\/garciacamara.com\/","logo":{"@type":"ImageObject","inLanguage":"en-US","@id":"https:\/\/garciacamara.com\/#\/schema\/logo\/image\/","url":"https:\/\/garciacamara.com\/wp-content\/uploads\/2022\/03\/logo-garcia-camara-gc-4.svg","contentUrl":"https:\/\/garciacamara.com\/wp-content\/uploads\/2022\/03\/logo-garcia-camara-gc-4.svg","width":1,"height":1,"caption":"Garc\u00eda C\u00e1mara"},"image":{"@id":"https:\/\/garciacamara.com\/#\/schema\/logo\/image\/"}},{"@type":"Person","@id":"https:\/\/garciacamara.com\/#\/schema\/person\/aa613a88a23149c6fc92e223afb4ce52","name":"admin","image":{"@type":"ImageObject","inLanguage":"en-US","@id":"https:\/\/garciacamara.com\/#\/schema\/person\/image\/","url":"https:\/\/secure.gravatar.com\/avatar\/36a9315860220403161fb8d1a553e0bfcda20cd072a559fce5b00b50ca98b04a?s=96&d=mm&r=g","contentUrl":"https:\/\/secure.gravatar.com\/avatar\/36a9315860220403161fb8d1a553e0bfcda20cd072a559fce5b00b50ca98b04a?s=96&d=mm&r=g","caption":"admin"},"sameAs":["https:\/\/garciacamara.com"],"url":"https:\/\/garciacamara.com\/en\/author\/lobby_rtfo0fqw\/"}]}},"_links":{"self":[{"href":"https:\/\/garciacamara.com\/en\/wp-json\/wp\/v2\/posts\/3242","targetHints":{"allow":["GET"]}}],"collection":[{"href":"https:\/\/garciacamara.com\/en\/wp-json\/wp\/v2\/posts"}],"about":[{"href":"https:\/\/garciacamara.com\/en\/wp-json\/wp\/v2\/types\/post"}],"author":[{"embeddable":true,"href":"https:\/\/garciacamara.com\/en\/wp-json\/wp\/v2\/users\/1"}],"replies":[{"embeddable":true,"href":"https:\/\/garciacamara.com\/en\/wp-json\/wp\/v2\/comments?post=3242"}],"version-history":[{"count":3,"href":"https:\/\/garciacamara.com\/en\/wp-json\/wp\/v2\/posts\/3242\/revisions"}],"predecessor-version":[{"id":3262,"href":"https:\/\/garciacamara.com\/en\/wp-json\/wp\/v2\/posts\/3242\/revisions\/3262"}],"wp:featuredmedia":[{"embeddable":true,"href":"https:\/\/garciacamara.com\/en\/wp-json\/wp\/v2\/media\/3249"}],"wp:attachment":[{"href":"https:\/\/garciacamara.com\/en\/wp-json\/wp\/v2\/media?parent=3242"}],"wp:term":[{"taxonomy":"category","embeddable":true,"href":"https:\/\/garciacamara.com\/en\/wp-json\/wp\/v2\/categories?post=3242"},{"taxonomy":"post_tag","embeddable":true,"href":"https:\/\/garciacamara.com\/en\/wp-json\/wp\/v2\/tags?post=3242"}],"curies":[{"name":"wp","href":"https:\/\/api.w.org\/{rel}","templated":true}]}}