{"id":3321,"date":"2025-02-13T08:54:47","date_gmt":"2025-02-13T08:54:47","guid":{"rendered":"https:\/\/garciacamara.com\/?p=3321"},"modified":"2025-02-13T08:57:40","modified_gmt":"2025-02-13T08:57:40","slug":"future-refrigeration-professionals-visit-gc-to-experience-innovation-in-manufacturing","status":"publish","type":"post","link":"https:\/\/garciacamara.com\/en\/future-refrigeration-professionals-visit-gc-to-experience-innovation-in-manufacturing\/","title":{"rendered":"Future Refrigeration Professionals Visit GC to Experience Innovation in Manufacturing"},"content":{"rendered":"<p><span lang=\"EN-US\">On Wednesday, February 12th, a group of students from <strong>IES Llombai de Burriana,<\/strong> enrolled in the 1st and 2nd year of the <strong>Intermediate Vocational Training Program in Installation and Maintenance of Refrigeration Systems<\/strong>, had the opportunity to visit our facilities at GC.<\/span><\/p>\n<p><span lang=\"EN-US\">During the tour, led by our engineering team, the students gained firsthand insight into our various manufacturing processes and the technologies we use to develop refrigeration solutions. The visit was particularly engaging, as the students asked insightful questions and showed great enthusiasm for the industry.<\/span><\/p>\n<p><span lang=\"EN-US\"><strong>Our engineers shared their expertise and knowledge with these future installers<\/strong>, providing them with a real-world perspective on the professional field they will soon enter.<\/span><\/p>\n<p><span lang=\"EN-US\">IES Llombai de Burriana is an inclusive educational center committed to integration and fostering empathy among students through solidarity initiatives and valuable training projects. At GC, we appreciate and support these collaborations, which bridge the gap between the business world and education, contributing to the training of future professionals.<\/span><\/p>\n","protected":false},"excerpt":{"rendered":"<p>On Wednesday, February 12th, a group of students from IES Llombai de Burriana, enrolled in the 1st and 2nd year of the Intermediate Vocational Training Program in Installation and Maintenance of Refrigeration Systems, had the opportunity to visit our facilities at GC. During the tour, led by our engineering team, the students gained firsthand insight [&hellip;]<\/p>\n","protected":false},"author":1,"featured_media":3316,"comment_status":"closed","ping_status":"closed","sticky":false,"template":"","format":"standard","meta":{"inline_featured_image":false,"footnotes":""},"categories":[9],"tags":[],"class_list":["post-3321","post","type-post","status-publish","format-standard","has-post-thumbnail","hentry","category-uncategorized"],"yoast_head":"<!-- This site is optimized with the Yoast SEO plugin v25.8 - https:\/\/yoast.com\/wordpress\/plugins\/seo\/ -->\n<title>Future Refrigeration Professionals Visit GC to Experience Innovation in Manufacturing - Garc\u00eda C\u00e1mara<\/title>\n<meta name=\"robots\" content=\"index, follow, max-snippet:-1, max-image-preview:large, max-video-preview:-1\" \/>\n<link rel=\"canonical\" href=\"https:\/\/garciacamara.com\/en\/future-refrigeration-professionals-visit-gc-to-experience-innovation-in-manufacturing\/\" \/>\n<meta property=\"og:locale\" content=\"en_US\" \/>\n<meta property=\"og:type\" content=\"article\" \/>\n<meta property=\"og:title\" content=\"Future Refrigeration Professionals Visit GC to Experience Innovation in Manufacturing - Garc\u00eda C\u00e1mara\" \/>\n<meta property=\"og:description\" content=\"On Wednesday, February 12th, a group of students from IES Llombai de Burriana, enrolled in the 1st and 2nd year of the Intermediate Vocational Training Program in Installation and Maintenance of Refrigeration Systems, had the opportunity to visit our facilities at GC. During the tour, led by our engineering team, the students gained firsthand insight [&hellip;]\" \/>\n<meta property=\"og:url\" content=\"https:\/\/garciacamara.com\/en\/future-refrigeration-professionals-visit-gc-to-experience-innovation-in-manufacturing\/\" \/>\n<meta property=\"og:site_name\" content=\"Garc\u00eda C\u00e1mara\" \/>\n<meta property=\"article:published_time\" content=\"2025-02-13T08:54:47+00:00\" \/>\n<meta property=\"article:modified_time\" content=\"2025-02-13T08:57:40+00:00\" \/>\n<meta property=\"og:image\" content=\"https:\/\/garciacamara.com\/wp-content\/uploads\/2025\/02\/GC-BLOG-PROFESIONALES.jpg\" \/>\n\t<meta property=\"og:image:width\" content=\"2040\" \/>\n\t<meta property=\"og:image:height\" content=\"1536\" \/>\n\t<meta property=\"og:image:type\" content=\"image\/jpeg\" \/>\n<meta name=\"author\" content=\"admin\" \/>\n<meta name=\"twitter:card\" content=\"summary_large_image\" \/>\n<meta name=\"twitter:label1\" content=\"Written by\" \/>\n\t<meta name=\"twitter:data1\" content=\"admin\" \/>\n\t<meta name=\"twitter:label2\" content=\"Est. reading time\" \/>\n\t<meta name=\"twitter:data2\" content=\"1 minute\" \/>\n<script type=\"application\/ld+json\" class=\"yoast-schema-graph\">{\"@context\":\"https:\/\/schema.org\",\"@graph\":[{\"@type\":\"Article\",\"@id\":\"https:\/\/garciacamara.com\/en\/future-refrigeration-professionals-visit-gc-to-experience-innovation-in-manufacturing\/#article\",\"isPartOf\":{\"@id\":\"https:\/\/garciacamara.com\/en\/future-refrigeration-professionals-visit-gc-to-experience-innovation-in-manufacturing\/\"},\"author\":{\"name\":\"admin\",\"@id\":\"https:\/\/garciacamara.com\/#\/schema\/person\/aa613a88a23149c6fc92e223afb4ce52\"},\"headline\":\"Future Refrigeration Professionals Visit GC to Experience Innovation in Manufacturing\",\"datePublished\":\"2025-02-13T08:54:47+00:00\",\"dateModified\":\"2025-02-13T08:57:40+00:00\",\"mainEntityOfPage\":{\"@id\":\"https:\/\/garciacamara.com\/en\/future-refrigeration-professionals-visit-gc-to-experience-innovation-in-manufacturing\/\"},\"wordCount\":171,\"publisher\":{\"@id\":\"https:\/\/garciacamara.com\/#organization\"},\"image\":{\"@id\":\"https:\/\/garciacamara.com\/en\/future-refrigeration-professionals-visit-gc-to-experience-innovation-in-manufacturing\/#primaryimage\"},\"thumbnailUrl\":\"https:\/\/garciacamara.com\/wp-content\/uploads\/2025\/02\/GC-BLOG-PROFESIONALES.jpg\",\"inLanguage\":\"en-US\"},{\"@type\":\"WebPage\",\"@id\":\"https:\/\/garciacamara.com\/en\/future-refrigeration-professionals-visit-gc-to-experience-innovation-in-manufacturing\/\",\"url\":\"https:\/\/garciacamara.com\/en\/future-refrigeration-professionals-visit-gc-to-experience-innovation-in-manufacturing\/\",\"name\":\"Future Refrigeration Professionals Visit GC to Experience Innovation in Manufacturing - Garc\u00eda C\u00e1mara\",\"isPartOf\":{\"@id\":\"https:\/\/garciacamara.com\/#website\"},\"primaryImageOfPage\":{\"@id\":\"https:\/\/garciacamara.com\/en\/future-refrigeration-professionals-visit-gc-to-experience-innovation-in-manufacturing\/#primaryimage\"},\"image\":{\"@id\":\"https:\/\/garciacamara.com\/en\/future-refrigeration-professionals-visit-gc-to-experience-innovation-in-manufacturing\/#primaryimage\"},\"thumbnailUrl\":\"https:\/\/garciacamara.com\/wp-content\/uploads\/2025\/02\/GC-BLOG-PROFESIONALES.jpg\",\"datePublished\":\"2025-02-13T08:54:47+00:00\",\"dateModified\":\"2025-02-13T08:57:40+00:00\",\"breadcrumb\":{\"@id\":\"https:\/\/garciacamara.com\/en\/future-refrigeration-professionals-visit-gc-to-experience-innovation-in-manufacturing\/#breadcrumb\"},\"inLanguage\":\"en-US\",\"potentialAction\":[{\"@type\":\"ReadAction\",\"target\":[\"https:\/\/garciacamara.com\/en\/future-refrigeration-professionals-visit-gc-to-experience-innovation-in-manufacturing\/\"]}]},{\"@type\":\"ImageObject\",\"inLanguage\":\"en-US\",\"@id\":\"https:\/\/garciacamara.com\/en\/future-refrigeration-professionals-visit-gc-to-experience-innovation-in-manufacturing\/#primaryimage\",\"url\":\"https:\/\/garciacamara.com\/wp-content\/uploads\/2025\/02\/GC-BLOG-PROFESIONALES.jpg\",\"contentUrl\":\"https:\/\/garciacamara.com\/wp-content\/uploads\/2025\/02\/GC-BLOG-PROFESIONALES.jpg\",\"width\":2040,\"height\":1536},{\"@type\":\"BreadcrumbList\",\"@id\":\"https:\/\/garciacamara.com\/en\/future-refrigeration-professionals-visit-gc-to-experience-innovation-in-manufacturing\/#breadcrumb\",\"itemListElement\":[{\"@type\":\"ListItem\",\"position\":1,\"name\":\"Home\",\"item\":\"https:\/\/garciacamara.com\/\"},{\"@type\":\"ListItem\",\"position\":2,\"name\":\"Future Refrigeration Professionals Visit GC to Experience Innovation in Manufacturing\"}]},{\"@type\":\"WebSite\",\"@id\":\"https:\/\/garciacamara.com\/#website\",\"url\":\"https:\/\/garciacamara.com\/\",\"name\":\"Garc\u00eda C\u00e1mara\",\"description\":\"Fabricaci\u00f3n de intercambiadores de calor desde 1942.\",\"publisher\":{\"@id\":\"https:\/\/garciacamara.com\/#organization\"},\"potentialAction\":[{\"@type\":\"SearchAction\",\"target\":{\"@type\":\"EntryPoint\",\"urlTemplate\":\"https:\/\/garciacamara.com\/?s={search_term_string}\"},\"query-input\":{\"@type\":\"PropertyValueSpecification\",\"valueRequired\":true,\"valueName\":\"search_term_string\"}}],\"inLanguage\":\"en-US\"},{\"@type\":\"Organization\",\"@id\":\"https:\/\/garciacamara.com\/#organization\",\"name\":\"Garc\u00eda C\u00e1mara\",\"url\":\"https:\/\/garciacamara.com\/\",\"logo\":{\"@type\":\"ImageObject\",\"inLanguage\":\"en-US\",\"@id\":\"https:\/\/garciacamara.com\/#\/schema\/logo\/image\/\",\"url\":\"https:\/\/garciacamara.com\/wp-content\/uploads\/2022\/03\/logo-garcia-camara-gc-4.svg\",\"contentUrl\":\"https:\/\/garciacamara.com\/wp-content\/uploads\/2022\/03\/logo-garcia-camara-gc-4.svg\",\"width\":1,\"height\":1,\"caption\":\"Garc\u00eda C\u00e1mara\"},\"image\":{\"@id\":\"https:\/\/garciacamara.com\/#\/schema\/logo\/image\/\"}},{\"@type\":\"Person\",\"@id\":\"https:\/\/garciacamara.com\/#\/schema\/person\/aa613a88a23149c6fc92e223afb4ce52\",\"name\":\"admin\",\"image\":{\"@type\":\"ImageObject\",\"inLanguage\":\"en-US\",\"@id\":\"https:\/\/garciacamara.com\/#\/schema\/person\/image\/\",\"url\":\"https:\/\/secure.gravatar.com\/avatar\/36a9315860220403161fb8d1a553e0bfcda20cd072a559fce5b00b50ca98b04a?s=96&d=mm&r=g\",\"contentUrl\":\"https:\/\/secure.gravatar.com\/avatar\/36a9315860220403161fb8d1a553e0bfcda20cd072a559fce5b00b50ca98b04a?s=96&d=mm&r=g\",\"caption\":\"admin\"},\"sameAs\":[\"https:\/\/garciacamara.com\"],\"url\":\"https:\/\/garciacamara.com\/en\/author\/lobby_rtfo0fqw\/\"}]}<\/script>\n<!-- \/ Yoast SEO plugin. -->","yoast_head_json":{"title":"Future Refrigeration Professionals Visit GC to Experience Innovation in Manufacturing - Garc\u00eda C\u00e1mara","robots":{"index":"index","follow":"follow","max-snippet":"max-snippet:-1","max-image-preview":"max-image-preview:large","max-video-preview":"max-video-preview:-1"},"canonical":"https:\/\/garciacamara.com\/en\/future-refrigeration-professionals-visit-gc-to-experience-innovation-in-manufacturing\/","og_locale":"en_US","og_type":"article","og_title":"Future Refrigeration Professionals Visit GC to Experience Innovation in Manufacturing - Garc\u00eda C\u00e1mara","og_description":"On Wednesday, February 12th, a group of students from IES Llombai de Burriana, enrolled in the 1st and 2nd year of the Intermediate Vocational Training Program in Installation and Maintenance of Refrigeration Systems, had the opportunity to visit our facilities at GC. During the tour, led by our engineering team, the students gained firsthand insight [&hellip;]","og_url":"https:\/\/garciacamara.com\/en\/future-refrigeration-professionals-visit-gc-to-experience-innovation-in-manufacturing\/","og_site_name":"Garc\u00eda C\u00e1mara","article_published_time":"2025-02-13T08:54:47+00:00","article_modified_time":"2025-02-13T08:57:40+00:00","og_image":[{"width":2040,"height":1536,"url":"https:\/\/garciacamara.com\/wp-content\/uploads\/2025\/02\/GC-BLOG-PROFESIONALES.jpg","type":"image\/jpeg"}],"author":"admin","twitter_card":"summary_large_image","twitter_misc":{"Written by":"admin","Est. reading time":"1 minute"},"schema":{"@context":"https:\/\/schema.org","@graph":[{"@type":"Article","@id":"https:\/\/garciacamara.com\/en\/future-refrigeration-professionals-visit-gc-to-experience-innovation-in-manufacturing\/#article","isPartOf":{"@id":"https:\/\/garciacamara.com\/en\/future-refrigeration-professionals-visit-gc-to-experience-innovation-in-manufacturing\/"},"author":{"name":"admin","@id":"https:\/\/garciacamara.com\/#\/schema\/person\/aa613a88a23149c6fc92e223afb4ce52"},"headline":"Future Refrigeration Professionals Visit GC to Experience Innovation in Manufacturing","datePublished":"2025-02-13T08:54:47+00:00","dateModified":"2025-02-13T08:57:40+00:00","mainEntityOfPage":{"@id":"https:\/\/garciacamara.com\/en\/future-refrigeration-professionals-visit-gc-to-experience-innovation-in-manufacturing\/"},"wordCount":171,"publisher":{"@id":"https:\/\/garciacamara.com\/#organization"},"image":{"@id":"https:\/\/garciacamara.com\/en\/future-refrigeration-professionals-visit-gc-to-experience-innovation-in-manufacturing\/#primaryimage"},"thumbnailUrl":"https:\/\/garciacamara.com\/wp-content\/uploads\/2025\/02\/GC-BLOG-PROFESIONALES.jpg","inLanguage":"en-US"},{"@type":"WebPage","@id":"https:\/\/garciacamara.com\/en\/future-refrigeration-professionals-visit-gc-to-experience-innovation-in-manufacturing\/","url":"https:\/\/garciacamara.com\/en\/future-refrigeration-professionals-visit-gc-to-experience-innovation-in-manufacturing\/","name":"Future Refrigeration Professionals Visit GC to Experience Innovation in Manufacturing - Garc\u00eda C\u00e1mara","isPartOf":{"@id":"https:\/\/garciacamara.com\/#website"},"primaryImageOfPage":{"@id":"https:\/\/garciacamara.com\/en\/future-refrigeration-professionals-visit-gc-to-experience-innovation-in-manufacturing\/#primaryimage"},"image":{"@id":"https:\/\/garciacamara.com\/en\/future-refrigeration-professionals-visit-gc-to-experience-innovation-in-manufacturing\/#primaryimage"},"thumbnailUrl":"https:\/\/garciacamara.com\/wp-content\/uploads\/2025\/02\/GC-BLOG-PROFESIONALES.jpg","datePublished":"2025-02-13T08:54:47+00:00","dateModified":"2025-02-13T08:57:40+00:00","breadcrumb":{"@id":"https:\/\/garciacamara.com\/en\/future-refrigeration-professionals-visit-gc-to-experience-innovation-in-manufacturing\/#breadcrumb"},"inLanguage":"en-US","potentialAction":[{"@type":"ReadAction","target":["https:\/\/garciacamara.com\/en\/future-refrigeration-professionals-visit-gc-to-experience-innovation-in-manufacturing\/"]}]},{"@type":"ImageObject","inLanguage":"en-US","@id":"https:\/\/garciacamara.com\/en\/future-refrigeration-professionals-visit-gc-to-experience-innovation-in-manufacturing\/#primaryimage","url":"https:\/\/garciacamara.com\/wp-content\/uploads\/2025\/02\/GC-BLOG-PROFESIONALES.jpg","contentUrl":"https:\/\/garciacamara.com\/wp-content\/uploads\/2025\/02\/GC-BLOG-PROFESIONALES.jpg","width":2040,"height":1536},{"@type":"BreadcrumbList","@id":"https:\/\/garciacamara.com\/en\/future-refrigeration-professionals-visit-gc-to-experience-innovation-in-manufacturing\/#breadcrumb","itemListElement":[{"@type":"ListItem","position":1,"name":"Home","item":"https:\/\/garciacamara.com\/"},{"@type":"ListItem","position":2,"name":"Future Refrigeration Professionals Visit GC to Experience Innovation in Manufacturing"}]},{"@type":"WebSite","@id":"https:\/\/garciacamara.com\/#website","url":"https:\/\/garciacamara.com\/","name":"Garc\u00eda C\u00e1mara","description":"Fabricaci\u00f3n de intercambiadores de calor desde 1942.","publisher":{"@id":"https:\/\/garciacamara.com\/#organization"},"potentialAction":[{"@type":"SearchAction","target":{"@type":"EntryPoint","urlTemplate":"https:\/\/garciacamara.com\/?s={search_term_string}"},"query-input":{"@type":"PropertyValueSpecification","valueRequired":true,"valueName":"search_term_string"}}],"inLanguage":"en-US"},{"@type":"Organization","@id":"https:\/\/garciacamara.com\/#organization","name":"Garc\u00eda C\u00e1mara","url":"https:\/\/garciacamara.com\/","logo":{"@type":"ImageObject","inLanguage":"en-US","@id":"https:\/\/garciacamara.com\/#\/schema\/logo\/image\/","url":"https:\/\/garciacamara.com\/wp-content\/uploads\/2022\/03\/logo-garcia-camara-gc-4.svg","contentUrl":"https:\/\/garciacamara.com\/wp-content\/uploads\/2022\/03\/logo-garcia-camara-gc-4.svg","width":1,"height":1,"caption":"Garc\u00eda C\u00e1mara"},"image":{"@id":"https:\/\/garciacamara.com\/#\/schema\/logo\/image\/"}},{"@type":"Person","@id":"https:\/\/garciacamara.com\/#\/schema\/person\/aa613a88a23149c6fc92e223afb4ce52","name":"admin","image":{"@type":"ImageObject","inLanguage":"en-US","@id":"https:\/\/garciacamara.com\/#\/schema\/person\/image\/","url":"https:\/\/secure.gravatar.com\/avatar\/36a9315860220403161fb8d1a553e0bfcda20cd072a559fce5b00b50ca98b04a?s=96&d=mm&r=g","contentUrl":"https:\/\/secure.gravatar.com\/avatar\/36a9315860220403161fb8d1a553e0bfcda20cd072a559fce5b00b50ca98b04a?s=96&d=mm&r=g","caption":"admin"},"sameAs":["https:\/\/garciacamara.com"],"url":"https:\/\/garciacamara.com\/en\/author\/lobby_rtfo0fqw\/"}]}},"_links":{"self":[{"href":"https:\/\/garciacamara.com\/en\/wp-json\/wp\/v2\/posts\/3321","targetHints":{"allow":["GET"]}}],"collection":[{"href":"https:\/\/garciacamara.com\/en\/wp-json\/wp\/v2\/posts"}],"about":[{"href":"https:\/\/garciacamara.com\/en\/wp-json\/wp\/v2\/types\/post"}],"author":[{"embeddable":true,"href":"https:\/\/garciacamara.com\/en\/wp-json\/wp\/v2\/users\/1"}],"replies":[{"embeddable":true,"href":"https:\/\/garciacamara.com\/en\/wp-json\/wp\/v2\/comments?post=3321"}],"version-history":[{"count":1,"href":"https:\/\/garciacamara.com\/en\/wp-json\/wp\/v2\/posts\/3321\/revisions"}],"predecessor-version":[{"id":3322,"href":"https:\/\/garciacamara.com\/en\/wp-json\/wp\/v2\/posts\/3321\/revisions\/3322"}],"wp:featuredmedia":[{"embeddable":true,"href":"https:\/\/garciacamara.com\/en\/wp-json\/wp\/v2\/media\/3316"}],"wp:attachment":[{"href":"https:\/\/garciacamara.com\/en\/wp-json\/wp\/v2\/media?parent=3321"}],"wp:term":[{"taxonomy":"category","embeddable":true,"href":"https:\/\/garciacamara.com\/en\/wp-json\/wp\/v2\/categories?post=3321"},{"taxonomy":"post_tag","embeddable":true,"href":"https:\/\/garciacamara.com\/en\/wp-json\/wp\/v2\/tags?post=3321"}],"curies":[{"name":"wp","href":"https:\/\/api.w.org\/{rel}","templated":true}]}}