{"id":2614,"date":"2023-01-16T08:26:24","date_gmt":"2023-01-16T08:26:24","guid":{"rendered":"https:\/\/garciacamara.com\/?p=2614"},"modified":"2023-01-16T12:00:10","modified_gmt":"2023-01-16T12:00:10","slug":"nouvelles-gammes-dechangeurs-de-chaleur","status":"publish","type":"post","link":"https:\/\/garciacamara.com\/fr\/nouvelles-gammes-dechangeurs-de-chaleur\/","title":{"rendered":"Nouveau catalogue 2023"},"content":{"rendered":"<p id=\"tw-target-text\" class=\"tw-data-text tw-text-large tw-ta\" dir=\"ltr\" data-placeholder=\"Traducci\u00f3n\"><span class=\"Y2IQFc\" lang=\"fr\">Nous avons r\u00e9cemment pr\u00e9sent\u00e9 le nouveau catalogue de produits Garc\u00eda C\u00e1mara mis \u00e0 jour dans sa version 2023.<\/span><\/p>\n<p id=\"tw-target-text\" class=\"tw-data-text tw-text-large tw-ta\" dir=\"ltr\" data-placeholder=\"Traducci\u00f3n\"><a href=\"https:\/\/garciacamara.com\/wp-content\/uploads\/2022\/12\/GC-Catalogo-2023-FR.pdf\"><span class=\"Y2IQFc\" lang=\"fr\">Vous pouvez t\u00e9l\u00e9charger le catalogue ici<\/span><\/a><\/p>\n<p><span class=\"Y2IQFc\" lang=\"fr\" style=\"white-space: pre-wrap;\">L<\/span><span class=\"Y2IQFc\" lang=\"fr\" style=\"white-space: pre-wrap;\">&lsquo;engagement de Garc\u00eda C\u00e1mara \u00e0 trouver des solutions favorables \u00e0 l&rsquo;environnement a abouti aux nouvelles gammes d&rsquo;\u00e9changeurs de chaleur, plus respectueuses de l&rsquo;environnement.<\/span><\/p>\n<p><span class=\"Y2IQFc\" lang=\"fr\" style=\"white-space: pre-wrap;\">Nous soulignons parmi eux :<\/span><\/p>\n<ul>\n<li><span class=\"Y2IQFc\" lang=\"fr\" style=\"white-space: pre-wrap;\">\u00c9vaporateurs sp\u00e9cialement con\u00e7us pour fonctionner avec les nouveaux gaz A2L, \u00e0 la fois dans la conception cubique et en coin et avec une puissance jusqu&rsquo;\u00e0 25Kw.<\/span><\/li>\n<li><span class=\"Y2IQFc\" lang=\"fr\" style=\"white-space: pre-wrap;\">Extension de toute la gamme d&rsquo;\u00e9vaporateurs pour fonctionner au Co2 avec PS de 45Bars ou 60Bars. En plus des SHP et MEHP d\u00e9j\u00e0 disponibles pour les barres PS80.<\/span><\/li>\n<li><span class=\"Y2IQFc\" lang=\"fr\" style=\"white-space: pre-wrap;\">\u00c9vaporateurs pour tunnels de cong\u00e9lation \u00e0 la fois Co2 et Nh3 avec d\u00e9givrage par circuit imbriqu\u00e9 avec Hot Temper. En tube de cuivre ou d&rsquo;acier inoxydable AISI304.<\/span><\/li>\n<li><span class=\"Y2IQFc\" lang=\"fr\" style=\"white-space: pre-wrap;\">Refroidisseurs de gaz pour Co2 con\u00e7us pour l&rsquo;ext\u00e9rieur avec des ventilateurs axiaux de la gamme AXG, ainsi que pour la salle des machines avec des ventilateurs radiaux, de la gamme RGS.<\/span><\/li>\n<\/ul>\n<p><img fetchpriority=\"high\" decoding=\"async\" class=\"alignnone wp-image-2606 size-large\" src=\"https:\/\/garciacamara.com\/wp-content\/uploads\/2023\/01\/Dual_nh3-1024x590.jpg\" alt=\"\" width=\"800\" height=\"461\" srcset=\"https:\/\/garciacamara.com\/wp-content\/uploads\/2023\/01\/Dual_nh3-1024x590.jpg 1024w, https:\/\/garciacamara.com\/wp-content\/uploads\/2023\/01\/Dual_nh3-300x173.jpg 300w, https:\/\/garciacamara.com\/wp-content\/uploads\/2023\/01\/Dual_nh3-768x442.jpg 768w, https:\/\/garciacamara.com\/wp-content\/uploads\/2023\/01\/Dual_nh3-1536x885.jpg 1536w, https:\/\/garciacamara.com\/wp-content\/uploads\/2023\/01\/Dual_nh3.jpg 1602w\" sizes=\"(max-width: 800px) 100vw, 800px\" \/><\/p>\n","protected":false},"excerpt":{"rendered":"<p>Nous avons r\u00e9cemment pr\u00e9sent\u00e9 le nouveau catalogue de produits Garc\u00eda C\u00e1mara mis \u00e0 jour dans sa version 2023. Vous pouvez t\u00e9l\u00e9charger le catalogue ici L&lsquo;engagement de Garc\u00eda C\u00e1mara \u00e0 trouver des solutions favorables \u00e0 l&rsquo;environnement a abouti aux nouvelles gammes d&rsquo;\u00e9changeurs de chaleur, plus respectueuses de l&rsquo;environnement. Nous soulignons parmi eux : \u00c9vaporateurs sp\u00e9cialement con\u00e7us [&hellip;]<\/p>\n","protected":false},"author":1,"featured_media":2602,"comment_status":"closed","ping_status":"closed","sticky":false,"template":"","format":"standard","meta":{"inline_featured_image":false,"footnotes":""},"categories":[222],"tags":[],"class_list":["post-2614","post","type-post","status-publish","format-standard","has-post-thumbnail","hentry","category-non-classifiee"],"yoast_head":"<!-- This site is optimized with the Yoast SEO plugin v25.8 - https:\/\/yoast.com\/wordpress\/plugins\/seo\/ -->\n<title>Nouveau catalogue 2023 - Garc\u00eda C\u00e1mara<\/title>\n<meta name=\"robots\" content=\"index, follow, max-snippet:-1, max-image-preview:large, max-video-preview:-1\" \/>\n<link rel=\"canonical\" href=\"https:\/\/garciacamara.com\/fr\/nouvelles-gammes-dechangeurs-de-chaleur\/\" \/>\n<meta property=\"og:locale\" content=\"fr_FR\" \/>\n<meta property=\"og:type\" content=\"article\" \/>\n<meta property=\"og:title\" content=\"Nouveau catalogue 2023 - Garc\u00eda C\u00e1mara\" \/>\n<meta property=\"og:description\" content=\"Nous avons r\u00e9cemment pr\u00e9sent\u00e9 le nouveau catalogue de produits Garc\u00eda C\u00e1mara mis \u00e0 jour dans sa version 2023. Vous pouvez t\u00e9l\u00e9charger le catalogue ici L&lsquo;engagement de Garc\u00eda C\u00e1mara \u00e0 trouver des solutions favorables \u00e0 l&rsquo;environnement a abouti aux nouvelles gammes d&rsquo;\u00e9changeurs de chaleur, plus respectueuses de l&rsquo;environnement. Nous soulignons parmi eux : \u00c9vaporateurs sp\u00e9cialement con\u00e7us [&hellip;]\" \/>\n<meta property=\"og:url\" content=\"https:\/\/garciacamara.com\/fr\/nouvelles-gammes-dechangeurs-de-chaleur\/\" \/>\n<meta property=\"og:site_name\" content=\"Garc\u00eda C\u00e1mara\" \/>\n<meta property=\"article:published_time\" content=\"2023-01-16T08:26:24+00:00\" \/>\n<meta property=\"article:modified_time\" content=\"2023-01-16T12:00:10+00:00\" \/>\n<meta property=\"og:image\" content=\"https:\/\/garciacamara.com\/wp-content\/uploads\/2023\/01\/GC-Catalogo-Espanol-2021-V1_Pagina_116_Imagen_0001.jpg\" \/>\n\t<meta property=\"og:image:width\" content=\"1760\" \/>\n\t<meta property=\"og:image:height\" content=\"1444\" \/>\n\t<meta property=\"og:image:type\" content=\"image\/jpeg\" \/>\n<meta name=\"author\" content=\"admin\" \/>\n<meta name=\"twitter:card\" content=\"summary_large_image\" \/>\n<meta name=\"twitter:label1\" content=\"\u00c9crit par\" \/>\n\t<meta name=\"twitter:data1\" content=\"admin\" \/>\n\t<meta name=\"twitter:label2\" content=\"Dur\u00e9e de lecture estim\u00e9e\" \/>\n\t<meta name=\"twitter:data2\" content=\"1 minute\" \/>\n<script type=\"application\/ld+json\" class=\"yoast-schema-graph\">{\"@context\":\"https:\/\/schema.org\",\"@graph\":[{\"@type\":\"Article\",\"@id\":\"https:\/\/garciacamara.com\/fr\/nouvelles-gammes-dechangeurs-de-chaleur\/#article\",\"isPartOf\":{\"@id\":\"https:\/\/garciacamara.com\/fr\/nouvelles-gammes-dechangeurs-de-chaleur\/\"},\"author\":{\"name\":\"admin\",\"@id\":\"https:\/\/garciacamara.com\/#\/schema\/person\/aa613a88a23149c6fc92e223afb4ce52\"},\"headline\":\"Nouveau catalogue 2023\",\"datePublished\":\"2023-01-16T08:26:24+00:00\",\"dateModified\":\"2023-01-16T12:00:10+00:00\",\"mainEntityOfPage\":{\"@id\":\"https:\/\/garciacamara.com\/fr\/nouvelles-gammes-dechangeurs-de-chaleur\/\"},\"wordCount\":182,\"publisher\":{\"@id\":\"https:\/\/garciacamara.com\/#organization\"},\"image\":{\"@id\":\"https:\/\/garciacamara.com\/fr\/nouvelles-gammes-dechangeurs-de-chaleur\/#primaryimage\"},\"thumbnailUrl\":\"https:\/\/garciacamara.com\/wp-content\/uploads\/2023\/01\/GC-Catalogo-Espanol-2021-V1_Pagina_116_Imagen_0001.jpg\",\"articleSection\":[\"Non classifi\u00e9(e)\"],\"inLanguage\":\"fr-FR\"},{\"@type\":\"WebPage\",\"@id\":\"https:\/\/garciacamara.com\/fr\/nouvelles-gammes-dechangeurs-de-chaleur\/\",\"url\":\"https:\/\/garciacamara.com\/fr\/nouvelles-gammes-dechangeurs-de-chaleur\/\",\"name\":\"Nouveau catalogue 2023 - Garc\u00eda C\u00e1mara\",\"isPartOf\":{\"@id\":\"https:\/\/garciacamara.com\/#website\"},\"primaryImageOfPage\":{\"@id\":\"https:\/\/garciacamara.com\/fr\/nouvelles-gammes-dechangeurs-de-chaleur\/#primaryimage\"},\"image\":{\"@id\":\"https:\/\/garciacamara.com\/fr\/nouvelles-gammes-dechangeurs-de-chaleur\/#primaryimage\"},\"thumbnailUrl\":\"https:\/\/garciacamara.com\/wp-content\/uploads\/2023\/01\/GC-Catalogo-Espanol-2021-V1_Pagina_116_Imagen_0001.jpg\",\"datePublished\":\"2023-01-16T08:26:24+00:00\",\"dateModified\":\"2023-01-16T12:00:10+00:00\",\"breadcrumb\":{\"@id\":\"https:\/\/garciacamara.com\/fr\/nouvelles-gammes-dechangeurs-de-chaleur\/#breadcrumb\"},\"inLanguage\":\"fr-FR\",\"potentialAction\":[{\"@type\":\"ReadAction\",\"target\":[\"https:\/\/garciacamara.com\/fr\/nouvelles-gammes-dechangeurs-de-chaleur\/\"]}]},{\"@type\":\"ImageObject\",\"inLanguage\":\"fr-FR\",\"@id\":\"https:\/\/garciacamara.com\/fr\/nouvelles-gammes-dechangeurs-de-chaleur\/#primaryimage\",\"url\":\"https:\/\/garciacamara.com\/wp-content\/uploads\/2023\/01\/GC-Catalogo-Espanol-2021-V1_Pagina_116_Imagen_0001.jpg\",\"contentUrl\":\"https:\/\/garciacamara.com\/wp-content\/uploads\/2023\/01\/GC-Catalogo-Espanol-2021-V1_Pagina_116_Imagen_0001.jpg\",\"width\":1760,\"height\":1444},{\"@type\":\"BreadcrumbList\",\"@id\":\"https:\/\/garciacamara.com\/fr\/nouvelles-gammes-dechangeurs-de-chaleur\/#breadcrumb\",\"itemListElement\":[{\"@type\":\"ListItem\",\"position\":1,\"name\":\"Home\",\"item\":\"https:\/\/garciacamara.com\/\"},{\"@type\":\"ListItem\",\"position\":2,\"name\":\"Nouveau catalogue 2023\"}]},{\"@type\":\"WebSite\",\"@id\":\"https:\/\/garciacamara.com\/#website\",\"url\":\"https:\/\/garciacamara.com\/\",\"name\":\"Garc\u00eda C\u00e1mara\",\"description\":\"Fabricaci\u00f3n de intercambiadores de calor desde 1942.\",\"publisher\":{\"@id\":\"https:\/\/garciacamara.com\/#organization\"},\"potentialAction\":[{\"@type\":\"SearchAction\",\"target\":{\"@type\":\"EntryPoint\",\"urlTemplate\":\"https:\/\/garciacamara.com\/?s={search_term_string}\"},\"query-input\":{\"@type\":\"PropertyValueSpecification\",\"valueRequired\":true,\"valueName\":\"search_term_string\"}}],\"inLanguage\":\"fr-FR\"},{\"@type\":\"Organization\",\"@id\":\"https:\/\/garciacamara.com\/#organization\",\"name\":\"Garc\u00eda C\u00e1mara\",\"url\":\"https:\/\/garciacamara.com\/\",\"logo\":{\"@type\":\"ImageObject\",\"inLanguage\":\"fr-FR\",\"@id\":\"https:\/\/garciacamara.com\/#\/schema\/logo\/image\/\",\"url\":\"https:\/\/garciacamara.com\/wp-content\/uploads\/2022\/03\/logo-garcia-camara-gc-4.svg\",\"contentUrl\":\"https:\/\/garciacamara.com\/wp-content\/uploads\/2022\/03\/logo-garcia-camara-gc-4.svg\",\"width\":1,\"height\":1,\"caption\":\"Garc\u00eda C\u00e1mara\"},\"image\":{\"@id\":\"https:\/\/garciacamara.com\/#\/schema\/logo\/image\/\"}},{\"@type\":\"Person\",\"@id\":\"https:\/\/garciacamara.com\/#\/schema\/person\/aa613a88a23149c6fc92e223afb4ce52\",\"name\":\"admin\",\"image\":{\"@type\":\"ImageObject\",\"inLanguage\":\"fr-FR\",\"@id\":\"https:\/\/garciacamara.com\/#\/schema\/person\/image\/\",\"url\":\"https:\/\/secure.gravatar.com\/avatar\/36a9315860220403161fb8d1a553e0bfcda20cd072a559fce5b00b50ca98b04a?s=96&d=mm&r=g\",\"contentUrl\":\"https:\/\/secure.gravatar.com\/avatar\/36a9315860220403161fb8d1a553e0bfcda20cd072a559fce5b00b50ca98b04a?s=96&d=mm&r=g\",\"caption\":\"admin\"},\"sameAs\":[\"https:\/\/garciacamara.com\"],\"url\":\"https:\/\/garciacamara.com\/fr\/author\/lobby_rtfo0fqw\/\"}]}<\/script>\n<!-- \/ Yoast SEO plugin. -->","yoast_head_json":{"title":"Nouveau catalogue 2023 - Garc\u00eda C\u00e1mara","robots":{"index":"index","follow":"follow","max-snippet":"max-snippet:-1","max-image-preview":"max-image-preview:large","max-video-preview":"max-video-preview:-1"},"canonical":"https:\/\/garciacamara.com\/fr\/nouvelles-gammes-dechangeurs-de-chaleur\/","og_locale":"fr_FR","og_type":"article","og_title":"Nouveau catalogue 2023 - Garc\u00eda C\u00e1mara","og_description":"Nous avons r\u00e9cemment pr\u00e9sent\u00e9 le nouveau catalogue de produits Garc\u00eda C\u00e1mara mis \u00e0 jour dans sa version 2023. Vous pouvez t\u00e9l\u00e9charger le catalogue ici L&lsquo;engagement de Garc\u00eda C\u00e1mara \u00e0 trouver des solutions favorables \u00e0 l&rsquo;environnement a abouti aux nouvelles gammes d&rsquo;\u00e9changeurs de chaleur, plus respectueuses de l&rsquo;environnement. Nous soulignons parmi eux : \u00c9vaporateurs sp\u00e9cialement con\u00e7us [&hellip;]","og_url":"https:\/\/garciacamara.com\/fr\/nouvelles-gammes-dechangeurs-de-chaleur\/","og_site_name":"Garc\u00eda C\u00e1mara","article_published_time":"2023-01-16T08:26:24+00:00","article_modified_time":"2023-01-16T12:00:10+00:00","og_image":[{"width":1760,"height":1444,"url":"https:\/\/garciacamara.com\/wp-content\/uploads\/2023\/01\/GC-Catalogo-Espanol-2021-V1_Pagina_116_Imagen_0001.jpg","type":"image\/jpeg"}],"author":"admin","twitter_card":"summary_large_image","twitter_misc":{"\u00c9crit par":"admin","Dur\u00e9e de lecture estim\u00e9e":"1 minute"},"schema":{"@context":"https:\/\/schema.org","@graph":[{"@type":"Article","@id":"https:\/\/garciacamara.com\/fr\/nouvelles-gammes-dechangeurs-de-chaleur\/#article","isPartOf":{"@id":"https:\/\/garciacamara.com\/fr\/nouvelles-gammes-dechangeurs-de-chaleur\/"},"author":{"name":"admin","@id":"https:\/\/garciacamara.com\/#\/schema\/person\/aa613a88a23149c6fc92e223afb4ce52"},"headline":"Nouveau catalogue 2023","datePublished":"2023-01-16T08:26:24+00:00","dateModified":"2023-01-16T12:00:10+00:00","mainEntityOfPage":{"@id":"https:\/\/garciacamara.com\/fr\/nouvelles-gammes-dechangeurs-de-chaleur\/"},"wordCount":182,"publisher":{"@id":"https:\/\/garciacamara.com\/#organization"},"image":{"@id":"https:\/\/garciacamara.com\/fr\/nouvelles-gammes-dechangeurs-de-chaleur\/#primaryimage"},"thumbnailUrl":"https:\/\/garciacamara.com\/wp-content\/uploads\/2023\/01\/GC-Catalogo-Espanol-2021-V1_Pagina_116_Imagen_0001.jpg","articleSection":["Non classifi\u00e9(e)"],"inLanguage":"fr-FR"},{"@type":"WebPage","@id":"https:\/\/garciacamara.com\/fr\/nouvelles-gammes-dechangeurs-de-chaleur\/","url":"https:\/\/garciacamara.com\/fr\/nouvelles-gammes-dechangeurs-de-chaleur\/","name":"Nouveau catalogue 2023 - Garc\u00eda C\u00e1mara","isPartOf":{"@id":"https:\/\/garciacamara.com\/#website"},"primaryImageOfPage":{"@id":"https:\/\/garciacamara.com\/fr\/nouvelles-gammes-dechangeurs-de-chaleur\/#primaryimage"},"image":{"@id":"https:\/\/garciacamara.com\/fr\/nouvelles-gammes-dechangeurs-de-chaleur\/#primaryimage"},"thumbnailUrl":"https:\/\/garciacamara.com\/wp-content\/uploads\/2023\/01\/GC-Catalogo-Espanol-2021-V1_Pagina_116_Imagen_0001.jpg","datePublished":"2023-01-16T08:26:24+00:00","dateModified":"2023-01-16T12:00:10+00:00","breadcrumb":{"@id":"https:\/\/garciacamara.com\/fr\/nouvelles-gammes-dechangeurs-de-chaleur\/#breadcrumb"},"inLanguage":"fr-FR","potentialAction":[{"@type":"ReadAction","target":["https:\/\/garciacamara.com\/fr\/nouvelles-gammes-dechangeurs-de-chaleur\/"]}]},{"@type":"ImageObject","inLanguage":"fr-FR","@id":"https:\/\/garciacamara.com\/fr\/nouvelles-gammes-dechangeurs-de-chaleur\/#primaryimage","url":"https:\/\/garciacamara.com\/wp-content\/uploads\/2023\/01\/GC-Catalogo-Espanol-2021-V1_Pagina_116_Imagen_0001.jpg","contentUrl":"https:\/\/garciacamara.com\/wp-content\/uploads\/2023\/01\/GC-Catalogo-Espanol-2021-V1_Pagina_116_Imagen_0001.jpg","width":1760,"height":1444},{"@type":"BreadcrumbList","@id":"https:\/\/garciacamara.com\/fr\/nouvelles-gammes-dechangeurs-de-chaleur\/#breadcrumb","itemListElement":[{"@type":"ListItem","position":1,"name":"Home","item":"https:\/\/garciacamara.com\/"},{"@type":"ListItem","position":2,"name":"Nouveau catalogue 2023"}]},{"@type":"WebSite","@id":"https:\/\/garciacamara.com\/#website","url":"https:\/\/garciacamara.com\/","name":"Garc\u00eda C\u00e1mara","description":"Fabricaci\u00f3n de intercambiadores de calor desde 1942.","publisher":{"@id":"https:\/\/garciacamara.com\/#organization"},"potentialAction":[{"@type":"SearchAction","target":{"@type":"EntryPoint","urlTemplate":"https:\/\/garciacamara.com\/?s={search_term_string}"},"query-input":{"@type":"PropertyValueSpecification","valueRequired":true,"valueName":"search_term_string"}}],"inLanguage":"fr-FR"},{"@type":"Organization","@id":"https:\/\/garciacamara.com\/#organization","name":"Garc\u00eda C\u00e1mara","url":"https:\/\/garciacamara.com\/","logo":{"@type":"ImageObject","inLanguage":"fr-FR","@id":"https:\/\/garciacamara.com\/#\/schema\/logo\/image\/","url":"https:\/\/garciacamara.com\/wp-content\/uploads\/2022\/03\/logo-garcia-camara-gc-4.svg","contentUrl":"https:\/\/garciacamara.com\/wp-content\/uploads\/2022\/03\/logo-garcia-camara-gc-4.svg","width":1,"height":1,"caption":"Garc\u00eda C\u00e1mara"},"image":{"@id":"https:\/\/garciacamara.com\/#\/schema\/logo\/image\/"}},{"@type":"Person","@id":"https:\/\/garciacamara.com\/#\/schema\/person\/aa613a88a23149c6fc92e223afb4ce52","name":"admin","image":{"@type":"ImageObject","inLanguage":"fr-FR","@id":"https:\/\/garciacamara.com\/#\/schema\/person\/image\/","url":"https:\/\/secure.gravatar.com\/avatar\/36a9315860220403161fb8d1a553e0bfcda20cd072a559fce5b00b50ca98b04a?s=96&d=mm&r=g","contentUrl":"https:\/\/secure.gravatar.com\/avatar\/36a9315860220403161fb8d1a553e0bfcda20cd072a559fce5b00b50ca98b04a?s=96&d=mm&r=g","caption":"admin"},"sameAs":["https:\/\/garciacamara.com"],"url":"https:\/\/garciacamara.com\/fr\/author\/lobby_rtfo0fqw\/"}]}},"_links":{"self":[{"href":"https:\/\/garciacamara.com\/fr\/wp-json\/wp\/v2\/posts\/2614","targetHints":{"allow":["GET"]}}],"collection":[{"href":"https:\/\/garciacamara.com\/fr\/wp-json\/wp\/v2\/posts"}],"about":[{"href":"https:\/\/garciacamara.com\/fr\/wp-json\/wp\/v2\/types\/post"}],"author":[{"embeddable":true,"href":"https:\/\/garciacamara.com\/fr\/wp-json\/wp\/v2\/users\/1"}],"replies":[{"embeddable":true,"href":"https:\/\/garciacamara.com\/fr\/wp-json\/wp\/v2\/comments?post=2614"}],"version-history":[{"count":7,"href":"https:\/\/garciacamara.com\/fr\/wp-json\/wp\/v2\/posts\/2614\/revisions"}],"predecessor-version":[{"id":2628,"href":"https:\/\/garciacamara.com\/fr\/wp-json\/wp\/v2\/posts\/2614\/revisions\/2628"}],"wp:featuredmedia":[{"embeddable":true,"href":"https:\/\/garciacamara.com\/fr\/wp-json\/wp\/v2\/media\/2602"}],"wp:attachment":[{"href":"https:\/\/garciacamara.com\/fr\/wp-json\/wp\/v2\/media?parent=2614"}],"wp:term":[{"taxonomy":"category","embeddable":true,"href":"https:\/\/garciacamara.com\/fr\/wp-json\/wp\/v2\/categories?post=2614"},{"taxonomy":"post_tag","embeddable":true,"href":"https:\/\/garciacamara.com\/fr\/wp-json\/wp\/v2\/tags?post=2614"}],"curies":[{"name":"wp","href":"https:\/\/api.w.org\/{rel}","templated":true}]}}