{"id":3003,"date":"2024-05-07T08:03:06","date_gmt":"2024-05-07T08:03:06","guid":{"rendered":"https:\/\/garciacamara.com\/?p=3003"},"modified":"2024-05-07T08:07:36","modified_gmt":"2024-05-07T08:07:36","slug":"nouveau-logiciel-de-calcul-et-dimensionnement-des-batteries","status":"publish","type":"post","link":"https:\/\/garciacamara.com\/fr\/nouveau-logiciel-de-calcul-et-dimensionnement-des-batteries\/","title":{"rendered":"NOUVEAU LOGICIEL DE CALCUL ET DIMENSIONNEMENT DES BATTERIES"},"content":{"rendered":"<p>Chez <strong>Garc\u00eda C\u00e1mara<\/strong>, nous nous engageons \u00e0 am\u00e9liorer constamment le service client. C&rsquo;est pourquoi nous sommes heureux d&rsquo;annoncer une innovation passionnante dans le domaine technique : nous pr\u00e9sentons notre nouvel outil logiciel, disponible <strong>gratuitement<\/strong> pour tous nos <strong>clients. <\/strong><\/p>\n<p>L&rsquo;outil a \u00e9t\u00e9 con\u00e7u pour donner \u00e0 nos Clients la libert\u00e9 de <strong>calculer et dimensionner leurs propres batteries<\/strong> de mani\u00e8re personnalis\u00e9e, de mani\u00e8re simple et intuitive. Ils peuvent d\u00e9sormais cr\u00e9er leur \u00e9quipe parfaite, adapt\u00e9e \u00e0 leurs besoins sp\u00e9cifiques, en quelques clics seulement.<\/p>\n<p>Vous souhaitez obtenir votre <strong>licence gratuite<\/strong> ? N&rsquo;attends plus! Contactez notre service commercial et s\u00e9curisez votre acc\u00e8s \u00e0 cet incroyable outil.<\/p>\n<p><img fetchpriority=\"high\" decoding=\"async\" class=\" wp-image-2998 aligncenter\" src=\"https:\/\/garciacamara.com\/wp-content\/uploads\/2024\/05\/6af6ecce-6832-4286-aeac-8085d9390775-300x300.webp\" alt=\"\" width=\"472\" height=\"472\" srcset=\"https:\/\/garciacamara.com\/wp-content\/uploads\/2024\/05\/6af6ecce-6832-4286-aeac-8085d9390775-300x300.webp 300w, https:\/\/garciacamara.com\/wp-content\/uploads\/2024\/05\/6af6ecce-6832-4286-aeac-8085d9390775-150x150.webp 150w, https:\/\/garciacamara.com\/wp-content\/uploads\/2024\/05\/6af6ecce-6832-4286-aeac-8085d9390775-768x768.webp 768w, https:\/\/garciacamara.com\/wp-content\/uploads\/2024\/05\/6af6ecce-6832-4286-aeac-8085d9390775.webp 1024w\" sizes=\"(max-width: 472px) 100vw, 472px\" \/><\/p>\n","protected":false},"excerpt":{"rendered":"<p>Chez Garc\u00eda C\u00e1mara, nous nous engageons \u00e0 am\u00e9liorer constamment le service client. C&rsquo;est pourquoi nous sommes heureux d&rsquo;annoncer une innovation passionnante dans le domaine technique : nous pr\u00e9sentons notre nouvel outil logiciel, disponible gratuitement pour tous nos clients. L&rsquo;outil a \u00e9t\u00e9 con\u00e7u pour donner \u00e0 nos Clients la libert\u00e9 de calculer et dimensionner leurs propres [&hellip;]<\/p>\n","protected":false},"author":1,"featured_media":2998,"comment_status":"closed","ping_status":"closed","sticky":false,"template":"","format":"standard","meta":{"inline_featured_image":false,"footnotes":""},"categories":[222],"tags":[],"class_list":["post-3003","post","type-post","status-publish","format-standard","has-post-thumbnail","hentry","category-non-classifiee"],"yoast_head":"<!-- This site is optimized with the Yoast SEO plugin v25.8 - https:\/\/yoast.com\/wordpress\/plugins\/seo\/ -->\n<title>NOUVEAU LOGICIEL DE CALCUL ET DIMENSIONNEMENT DES BATTERIES - Garc\u00eda C\u00e1mara<\/title>\n<meta name=\"robots\" content=\"index, follow, max-snippet:-1, max-image-preview:large, max-video-preview:-1\" \/>\n<link rel=\"canonical\" href=\"https:\/\/garciacamara.com\/fr\/nouveau-logiciel-de-calcul-et-dimensionnement-des-batteries\/\" \/>\n<meta property=\"og:locale\" content=\"fr_FR\" \/>\n<meta property=\"og:type\" content=\"article\" \/>\n<meta property=\"og:title\" content=\"NOUVEAU LOGICIEL DE CALCUL ET DIMENSIONNEMENT DES BATTERIES - Garc\u00eda C\u00e1mara\" \/>\n<meta property=\"og:description\" content=\"Chez Garc\u00eda C\u00e1mara, nous nous engageons \u00e0 am\u00e9liorer constamment le service client. C&rsquo;est pourquoi nous sommes heureux d&rsquo;annoncer une innovation passionnante dans le domaine technique : nous pr\u00e9sentons notre nouvel outil logiciel, disponible gratuitement pour tous nos clients. L&rsquo;outil a \u00e9t\u00e9 con\u00e7u pour donner \u00e0 nos Clients la libert\u00e9 de calculer et dimensionner leurs propres [&hellip;]\" \/>\n<meta property=\"og:url\" content=\"https:\/\/garciacamara.com\/fr\/nouveau-logiciel-de-calcul-et-dimensionnement-des-batteries\/\" \/>\n<meta property=\"og:site_name\" content=\"Garc\u00eda C\u00e1mara\" \/>\n<meta property=\"article:published_time\" content=\"2024-05-07T08:03:06+00:00\" \/>\n<meta property=\"article:modified_time\" content=\"2024-05-07T08:07:36+00:00\" \/>\n<meta property=\"og:image\" content=\"https:\/\/garciacamara.com\/wp-content\/uploads\/2024\/05\/6af6ecce-6832-4286-aeac-8085d9390775.webp\" \/>\n\t<meta property=\"og:image:width\" content=\"1024\" \/>\n\t<meta property=\"og:image:height\" content=\"1024\" \/>\n\t<meta property=\"og:image:type\" content=\"image\/webp\" \/>\n<meta name=\"author\" content=\"admin\" \/>\n<meta name=\"twitter:card\" content=\"summary_large_image\" \/>\n<meta name=\"twitter:label1\" content=\"\u00c9crit par\" \/>\n\t<meta name=\"twitter:data1\" content=\"admin\" \/>\n\t<meta name=\"twitter:label2\" content=\"Dur\u00e9e de lecture estim\u00e9e\" \/>\n\t<meta name=\"twitter:data2\" content=\"1 minute\" \/>\n<script type=\"application\/ld+json\" class=\"yoast-schema-graph\">{\"@context\":\"https:\/\/schema.org\",\"@graph\":[{\"@type\":\"Article\",\"@id\":\"https:\/\/garciacamara.com\/fr\/nouveau-logiciel-de-calcul-et-dimensionnement-des-batteries\/#article\",\"isPartOf\":{\"@id\":\"https:\/\/garciacamara.com\/fr\/nouveau-logiciel-de-calcul-et-dimensionnement-des-batteries\/\"},\"author\":{\"name\":\"admin\",\"@id\":\"https:\/\/garciacamara.com\/#\/schema\/person\/aa613a88a23149c6fc92e223afb4ce52\"},\"headline\":\"NOUVEAU LOGICIEL DE CALCUL ET DIMENSIONNEMENT DES BATTERIES\",\"datePublished\":\"2024-05-07T08:03:06+00:00\",\"dateModified\":\"2024-05-07T08:07:36+00:00\",\"mainEntityOfPage\":{\"@id\":\"https:\/\/garciacamara.com\/fr\/nouveau-logiciel-de-calcul-et-dimensionnement-des-batteries\/\"},\"wordCount\":121,\"publisher\":{\"@id\":\"https:\/\/garciacamara.com\/#organization\"},\"image\":{\"@id\":\"https:\/\/garciacamara.com\/fr\/nouveau-logiciel-de-calcul-et-dimensionnement-des-batteries\/#primaryimage\"},\"thumbnailUrl\":\"https:\/\/garciacamara.com\/wp-content\/uploads\/2024\/05\/6af6ecce-6832-4286-aeac-8085d9390775.webp\",\"articleSection\":[\"Non classifi\u00e9(e)\"],\"inLanguage\":\"fr-FR\"},{\"@type\":\"WebPage\",\"@id\":\"https:\/\/garciacamara.com\/fr\/nouveau-logiciel-de-calcul-et-dimensionnement-des-batteries\/\",\"url\":\"https:\/\/garciacamara.com\/fr\/nouveau-logiciel-de-calcul-et-dimensionnement-des-batteries\/\",\"name\":\"NOUVEAU LOGICIEL DE CALCUL ET DIMENSIONNEMENT DES BATTERIES - Garc\u00eda C\u00e1mara\",\"isPartOf\":{\"@id\":\"https:\/\/garciacamara.com\/#website\"},\"primaryImageOfPage\":{\"@id\":\"https:\/\/garciacamara.com\/fr\/nouveau-logiciel-de-calcul-et-dimensionnement-des-batteries\/#primaryimage\"},\"image\":{\"@id\":\"https:\/\/garciacamara.com\/fr\/nouveau-logiciel-de-calcul-et-dimensionnement-des-batteries\/#primaryimage\"},\"thumbnailUrl\":\"https:\/\/garciacamara.com\/wp-content\/uploads\/2024\/05\/6af6ecce-6832-4286-aeac-8085d9390775.webp\",\"datePublished\":\"2024-05-07T08:03:06+00:00\",\"dateModified\":\"2024-05-07T08:07:36+00:00\",\"breadcrumb\":{\"@id\":\"https:\/\/garciacamara.com\/fr\/nouveau-logiciel-de-calcul-et-dimensionnement-des-batteries\/#breadcrumb\"},\"inLanguage\":\"fr-FR\",\"potentialAction\":[{\"@type\":\"ReadAction\",\"target\":[\"https:\/\/garciacamara.com\/fr\/nouveau-logiciel-de-calcul-et-dimensionnement-des-batteries\/\"]}]},{\"@type\":\"ImageObject\",\"inLanguage\":\"fr-FR\",\"@id\":\"https:\/\/garciacamara.com\/fr\/nouveau-logiciel-de-calcul-et-dimensionnement-des-batteries\/#primaryimage\",\"url\":\"https:\/\/garciacamara.com\/wp-content\/uploads\/2024\/05\/6af6ecce-6832-4286-aeac-8085d9390775.webp\",\"contentUrl\":\"https:\/\/garciacamara.com\/wp-content\/uploads\/2024\/05\/6af6ecce-6832-4286-aeac-8085d9390775.webp\",\"width\":1024,\"height\":1024},{\"@type\":\"BreadcrumbList\",\"@id\":\"https:\/\/garciacamara.com\/fr\/nouveau-logiciel-de-calcul-et-dimensionnement-des-batteries\/#breadcrumb\",\"itemListElement\":[{\"@type\":\"ListItem\",\"position\":1,\"name\":\"Home\",\"item\":\"https:\/\/garciacamara.com\/\"},{\"@type\":\"ListItem\",\"position\":2,\"name\":\"NOUVEAU LOGICIEL DE CALCUL ET DIMENSIONNEMENT DES BATTERIES\"}]},{\"@type\":\"WebSite\",\"@id\":\"https:\/\/garciacamara.com\/#website\",\"url\":\"https:\/\/garciacamara.com\/\",\"name\":\"Garc\u00eda C\u00e1mara\",\"description\":\"Fabricaci\u00f3n de intercambiadores de calor desde 1942.\",\"publisher\":{\"@id\":\"https:\/\/garciacamara.com\/#organization\"},\"potentialAction\":[{\"@type\":\"SearchAction\",\"target\":{\"@type\":\"EntryPoint\",\"urlTemplate\":\"https:\/\/garciacamara.com\/?s={search_term_string}\"},\"query-input\":{\"@type\":\"PropertyValueSpecification\",\"valueRequired\":true,\"valueName\":\"search_term_string\"}}],\"inLanguage\":\"fr-FR\"},{\"@type\":\"Organization\",\"@id\":\"https:\/\/garciacamara.com\/#organization\",\"name\":\"Garc\u00eda C\u00e1mara\",\"url\":\"https:\/\/garciacamara.com\/\",\"logo\":{\"@type\":\"ImageObject\",\"inLanguage\":\"fr-FR\",\"@id\":\"https:\/\/garciacamara.com\/#\/schema\/logo\/image\/\",\"url\":\"https:\/\/garciacamara.com\/wp-content\/uploads\/2022\/03\/logo-garcia-camara-gc-4.svg\",\"contentUrl\":\"https:\/\/garciacamara.com\/wp-content\/uploads\/2022\/03\/logo-garcia-camara-gc-4.svg\",\"width\":1,\"height\":1,\"caption\":\"Garc\u00eda C\u00e1mara\"},\"image\":{\"@id\":\"https:\/\/garciacamara.com\/#\/schema\/logo\/image\/\"}},{\"@type\":\"Person\",\"@id\":\"https:\/\/garciacamara.com\/#\/schema\/person\/aa613a88a23149c6fc92e223afb4ce52\",\"name\":\"admin\",\"image\":{\"@type\":\"ImageObject\",\"inLanguage\":\"fr-FR\",\"@id\":\"https:\/\/garciacamara.com\/#\/schema\/person\/image\/\",\"url\":\"https:\/\/secure.gravatar.com\/avatar\/36a9315860220403161fb8d1a553e0bfcda20cd072a559fce5b00b50ca98b04a?s=96&d=mm&r=g\",\"contentUrl\":\"https:\/\/secure.gravatar.com\/avatar\/36a9315860220403161fb8d1a553e0bfcda20cd072a559fce5b00b50ca98b04a?s=96&d=mm&r=g\",\"caption\":\"admin\"},\"sameAs\":[\"https:\/\/garciacamara.com\"],\"url\":\"https:\/\/garciacamara.com\/fr\/author\/lobby_rtfo0fqw\/\"}]}<\/script>\n<!-- \/ Yoast SEO plugin. -->","yoast_head_json":{"title":"NOUVEAU LOGICIEL DE CALCUL ET DIMENSIONNEMENT DES BATTERIES - Garc\u00eda C\u00e1mara","robots":{"index":"index","follow":"follow","max-snippet":"max-snippet:-1","max-image-preview":"max-image-preview:large","max-video-preview":"max-video-preview:-1"},"canonical":"https:\/\/garciacamara.com\/fr\/nouveau-logiciel-de-calcul-et-dimensionnement-des-batteries\/","og_locale":"fr_FR","og_type":"article","og_title":"NOUVEAU LOGICIEL DE CALCUL ET DIMENSIONNEMENT DES BATTERIES - Garc\u00eda C\u00e1mara","og_description":"Chez Garc\u00eda C\u00e1mara, nous nous engageons \u00e0 am\u00e9liorer constamment le service client. C&rsquo;est pourquoi nous sommes heureux d&rsquo;annoncer une innovation passionnante dans le domaine technique : nous pr\u00e9sentons notre nouvel outil logiciel, disponible gratuitement pour tous nos clients. L&rsquo;outil a \u00e9t\u00e9 con\u00e7u pour donner \u00e0 nos Clients la libert\u00e9 de calculer et dimensionner leurs propres [&hellip;]","og_url":"https:\/\/garciacamara.com\/fr\/nouveau-logiciel-de-calcul-et-dimensionnement-des-batteries\/","og_site_name":"Garc\u00eda C\u00e1mara","article_published_time":"2024-05-07T08:03:06+00:00","article_modified_time":"2024-05-07T08:07:36+00:00","og_image":[{"width":1024,"height":1024,"url":"https:\/\/garciacamara.com\/wp-content\/uploads\/2024\/05\/6af6ecce-6832-4286-aeac-8085d9390775.webp","type":"image\/webp"}],"author":"admin","twitter_card":"summary_large_image","twitter_misc":{"\u00c9crit par":"admin","Dur\u00e9e de lecture estim\u00e9e":"1 minute"},"schema":{"@context":"https:\/\/schema.org","@graph":[{"@type":"Article","@id":"https:\/\/garciacamara.com\/fr\/nouveau-logiciel-de-calcul-et-dimensionnement-des-batteries\/#article","isPartOf":{"@id":"https:\/\/garciacamara.com\/fr\/nouveau-logiciel-de-calcul-et-dimensionnement-des-batteries\/"},"author":{"name":"admin","@id":"https:\/\/garciacamara.com\/#\/schema\/person\/aa613a88a23149c6fc92e223afb4ce52"},"headline":"NOUVEAU LOGICIEL DE CALCUL ET DIMENSIONNEMENT DES BATTERIES","datePublished":"2024-05-07T08:03:06+00:00","dateModified":"2024-05-07T08:07:36+00:00","mainEntityOfPage":{"@id":"https:\/\/garciacamara.com\/fr\/nouveau-logiciel-de-calcul-et-dimensionnement-des-batteries\/"},"wordCount":121,"publisher":{"@id":"https:\/\/garciacamara.com\/#organization"},"image":{"@id":"https:\/\/garciacamara.com\/fr\/nouveau-logiciel-de-calcul-et-dimensionnement-des-batteries\/#primaryimage"},"thumbnailUrl":"https:\/\/garciacamara.com\/wp-content\/uploads\/2024\/05\/6af6ecce-6832-4286-aeac-8085d9390775.webp","articleSection":["Non classifi\u00e9(e)"],"inLanguage":"fr-FR"},{"@type":"WebPage","@id":"https:\/\/garciacamara.com\/fr\/nouveau-logiciel-de-calcul-et-dimensionnement-des-batteries\/","url":"https:\/\/garciacamara.com\/fr\/nouveau-logiciel-de-calcul-et-dimensionnement-des-batteries\/","name":"NOUVEAU LOGICIEL DE CALCUL ET DIMENSIONNEMENT DES BATTERIES - Garc\u00eda C\u00e1mara","isPartOf":{"@id":"https:\/\/garciacamara.com\/#website"},"primaryImageOfPage":{"@id":"https:\/\/garciacamara.com\/fr\/nouveau-logiciel-de-calcul-et-dimensionnement-des-batteries\/#primaryimage"},"image":{"@id":"https:\/\/garciacamara.com\/fr\/nouveau-logiciel-de-calcul-et-dimensionnement-des-batteries\/#primaryimage"},"thumbnailUrl":"https:\/\/garciacamara.com\/wp-content\/uploads\/2024\/05\/6af6ecce-6832-4286-aeac-8085d9390775.webp","datePublished":"2024-05-07T08:03:06+00:00","dateModified":"2024-05-07T08:07:36+00:00","breadcrumb":{"@id":"https:\/\/garciacamara.com\/fr\/nouveau-logiciel-de-calcul-et-dimensionnement-des-batteries\/#breadcrumb"},"inLanguage":"fr-FR","potentialAction":[{"@type":"ReadAction","target":["https:\/\/garciacamara.com\/fr\/nouveau-logiciel-de-calcul-et-dimensionnement-des-batteries\/"]}]},{"@type":"ImageObject","inLanguage":"fr-FR","@id":"https:\/\/garciacamara.com\/fr\/nouveau-logiciel-de-calcul-et-dimensionnement-des-batteries\/#primaryimage","url":"https:\/\/garciacamara.com\/wp-content\/uploads\/2024\/05\/6af6ecce-6832-4286-aeac-8085d9390775.webp","contentUrl":"https:\/\/garciacamara.com\/wp-content\/uploads\/2024\/05\/6af6ecce-6832-4286-aeac-8085d9390775.webp","width":1024,"height":1024},{"@type":"BreadcrumbList","@id":"https:\/\/garciacamara.com\/fr\/nouveau-logiciel-de-calcul-et-dimensionnement-des-batteries\/#breadcrumb","itemListElement":[{"@type":"ListItem","position":1,"name":"Home","item":"https:\/\/garciacamara.com\/"},{"@type":"ListItem","position":2,"name":"NOUVEAU LOGICIEL DE CALCUL ET DIMENSIONNEMENT DES BATTERIES"}]},{"@type":"WebSite","@id":"https:\/\/garciacamara.com\/#website","url":"https:\/\/garciacamara.com\/","name":"Garc\u00eda C\u00e1mara","description":"Fabricaci\u00f3n de intercambiadores de calor desde 1942.","publisher":{"@id":"https:\/\/garciacamara.com\/#organization"},"potentialAction":[{"@type":"SearchAction","target":{"@type":"EntryPoint","urlTemplate":"https:\/\/garciacamara.com\/?s={search_term_string}"},"query-input":{"@type":"PropertyValueSpecification","valueRequired":true,"valueName":"search_term_string"}}],"inLanguage":"fr-FR"},{"@type":"Organization","@id":"https:\/\/garciacamara.com\/#organization","name":"Garc\u00eda C\u00e1mara","url":"https:\/\/garciacamara.com\/","logo":{"@type":"ImageObject","inLanguage":"fr-FR","@id":"https:\/\/garciacamara.com\/#\/schema\/logo\/image\/","url":"https:\/\/garciacamara.com\/wp-content\/uploads\/2022\/03\/logo-garcia-camara-gc-4.svg","contentUrl":"https:\/\/garciacamara.com\/wp-content\/uploads\/2022\/03\/logo-garcia-camara-gc-4.svg","width":1,"height":1,"caption":"Garc\u00eda C\u00e1mara"},"image":{"@id":"https:\/\/garciacamara.com\/#\/schema\/logo\/image\/"}},{"@type":"Person","@id":"https:\/\/garciacamara.com\/#\/schema\/person\/aa613a88a23149c6fc92e223afb4ce52","name":"admin","image":{"@type":"ImageObject","inLanguage":"fr-FR","@id":"https:\/\/garciacamara.com\/#\/schema\/person\/image\/","url":"https:\/\/secure.gravatar.com\/avatar\/36a9315860220403161fb8d1a553e0bfcda20cd072a559fce5b00b50ca98b04a?s=96&d=mm&r=g","contentUrl":"https:\/\/secure.gravatar.com\/avatar\/36a9315860220403161fb8d1a553e0bfcda20cd072a559fce5b00b50ca98b04a?s=96&d=mm&r=g","caption":"admin"},"sameAs":["https:\/\/garciacamara.com"],"url":"https:\/\/garciacamara.com\/fr\/author\/lobby_rtfo0fqw\/"}]}},"_links":{"self":[{"href":"https:\/\/garciacamara.com\/fr\/wp-json\/wp\/v2\/posts\/3003","targetHints":{"allow":["GET"]}}],"collection":[{"href":"https:\/\/garciacamara.com\/fr\/wp-json\/wp\/v2\/posts"}],"about":[{"href":"https:\/\/garciacamara.com\/fr\/wp-json\/wp\/v2\/types\/post"}],"author":[{"embeddable":true,"href":"https:\/\/garciacamara.com\/fr\/wp-json\/wp\/v2\/users\/1"}],"replies":[{"embeddable":true,"href":"https:\/\/garciacamara.com\/fr\/wp-json\/wp\/v2\/comments?post=3003"}],"version-history":[{"count":1,"href":"https:\/\/garciacamara.com\/fr\/wp-json\/wp\/v2\/posts\/3003\/revisions"}],"predecessor-version":[{"id":3004,"href":"https:\/\/garciacamara.com\/fr\/wp-json\/wp\/v2\/posts\/3003\/revisions\/3004"}],"wp:featuredmedia":[{"embeddable":true,"href":"https:\/\/garciacamara.com\/fr\/wp-json\/wp\/v2\/media\/2998"}],"wp:attachment":[{"href":"https:\/\/garciacamara.com\/fr\/wp-json\/wp\/v2\/media?parent=3003"}],"wp:term":[{"taxonomy":"category","embeddable":true,"href":"https:\/\/garciacamara.com\/fr\/wp-json\/wp\/v2\/categories?post=3003"},{"taxonomy":"post_tag","embeddable":true,"href":"https:\/\/garciacamara.com\/fr\/wp-json\/wp\/v2\/tags?post=3003"}],"curies":[{"name":"wp","href":"https:\/\/api.w.org\/{rel}","templated":true}]}}